{"id":3415,"date":"2021-08-06T15:28:58","date_gmt":"2021-08-06T11:28:58","guid":{"rendered":"https:\/\/www.oxuyan.az\/xeberler\/?p=3415"},"modified":"2021-08-06T15:28:59","modified_gmt":"2021-08-06T11:28:59","slug":"azerbaycan-dili-fenni-uzre-novbeti-imtahan-kecirilecek","status":"publish","type":"post","link":"https:\/\/www.oxuyan.az\/xeberler\/tehsil\/imtahan-tehsil\/azerbaycan-dili-fenni-uzre-novbeti-imtahan-kecirilecek\/","title":{"rendered":"Az\u0259rbaycan dili f\u0259nni \u00fczr\u0259 n\u00f6vb\u0259ti imtahan ke\u00e7iril\u0259c\u0259k"},"content":{"rendered":"\n<p>\u0130\u015ftirak\u00e7\u0131lar \u201cimtahan \u00fc\u00e7\u00fcn burax\u0131l\u0131\u015f v\u0259r\u0259q\u0259si\u201dni \u00e7ap ed\u0259 bil\u0259rl\u0259r.<\/p>\n\n\n\n<p>\u0130mtahanda a\u015fa\u011f\u0131dak\u0131 kateqoriyaya aid olan abituriyentl\u0259r (\u015fagirdl\u0259r) i\u015ftirak ed\u0259c\u0259kl\u0259r.<\/p>\n\n\n\n<p>1. H\u0259r hans\u0131 s\u0259b\u0259bd\u0259n burax\u0131l\u0131\u015f imtahan\u0131 \u00e7\u0259r\u00e7iv\u0259sind\u0259 \u00fcmumi (9 illik) orta orta t\u0259hsil s\u0259viyy\u0259si \u00fczr\u0259 2021-ci il may\u0131n 20-d\u0259 ke\u00e7iril\u0259n Az\u0259rbaycan dili (d\u00f6vl\u0259t dili kimi) imtahan\u0131nda\u00a0i\u015ftirak etm\u0259y\u0259n\u00a0cari ilin m\u0259zunlar\u0131.\u00a0Bu \u015fagirdl\u0259r\u00a0burax\u0131l\u0131\u015f v\u0259r\u0259q\u0259sini veril\u0259n linkd\u0259n (<a href=\"https:\/\/eservices.dim.gov.az\/sagirdbv\/?frm=egov\">https:\/\/eservices.dim.gov.az\/sagirdbv\/?frm=egov<\/a>) \u00e7ap etm\u0259lidirl\u0259r.<\/p>\n\n\n\n<p>2. \u00dcmumi (9 illik) orta orta t\u0259hsil s\u0259viyy\u0259si \u00fczr\u0259 2021-ci il may\u0131n 20-d\u0259 ke\u00e7iril\u0259n imtahanda i\u015ftirak edib\u00a0qeyri-m\u0259qbul\u00a0qiym\u0259t alan v\u0259 \u00fcmumi (9 illik) orta t\u0259hsil bazas\u0131nda orta ixtisas t\u0259hsili m\u00fc\u0259ssis\u0259l\u0259rin\u0259 q\u0259bul olmaq \u00fc\u00e7\u00fcn s\u0259n\u0259d ver\u0259n\u00a0cari ilin abituriyentl\u0259ri;<\/p>\n\n\n\n<p>3. Daha \u0259vv\u0259l ke\u00e7iril\u0259n imtahanlarda i\u015ftirak edib\u00a0qeyri-m\u0259qbul\u00a0qiym\u0259t alan v\u0259 ali t\u0259hsil m\u00fc\u0259ssis\u0259l\u0259rin\u0259 v\u0259 tam (11 illik) orta t\u0259hsil bazas\u0131nda orta ixtisas t\u0259hsili m\u00fc\u0259ssis\u0259l\u0259rin\u0259 q\u0259bul olmaq \u00fc\u00e7\u00fcn s\u0259n\u0259d ver\u0259n\u00a0cari v\u0259 \u0259vv\u0259lki ill\u0259rin abituriyentl\u0259ri;<\/p>\n\n\n\n<p>2-ci v\u0259 3-c\u00fc kateqoriyaya aid olan abituriyentl\u0259r&nbsp;is\u0259 imtahana burax\u0131l\u0131\u015f v\u0259r\u0259q\u0259sini bu linkd\u0259n (<a href=\"https:\/\/eservices.dim.gov.az\/brxv\">https:\/\/eservices.dim.gov.az\/brxv<\/a>) \u00e7ap etm\u0259lidirl\u0259r.<\/p>\n\n\n\n<p>\u0130\u015ftirak\u00e7\u0131lar burax\u0131l\u0131\u015f v\u0259r\u0259q\u0259si il\u0259 bir yerd\u0259 \u201c\u0130mtahan i\u015ftirak\u00e7\u0131s\u0131n\u0131n sa\u011flaml\u0131\u011f\u0131 haqq\u0131nda b\u0259yannam\u0259\u201dni d\u0259 \u00e7ap edirl\u0259r. B\u0259yannam\u0259 ayr\u0131ca v\u0259r\u0259qd\u0259 \u00e7ap edilm\u0259lidir v\u0259 imtahan g\u00fcn\u00fc \u015fagird t\u0259r\u0259find\u0259n imzalanmaqla imtahan n\u0259zar\u0259t\u00e7isin\u0259 t\u0259qdim edilm\u0259lidir.<\/p>\n\n\n\n<p>\u018fg\u0259r siz d\u0259 t\u0259hsill\u0259 ba\u011fl\u0131 \u0259n son yenilikl\u0259rd\u0259n x\u0259b\u0259rdar olmaq ist\u0259yirsinizs\u0259,&nbsp;<a href=\"https:\/\/www.oxuyan.az\/xeberler\/\">Oxuyan platformas\u0131nda t\u0259hsil x\u0259b\u0259rl\u0259ri<\/a>&nbsp;b\u00f6lm\u0259sini izl\u0259m\u0259yi unutmay\u0131n.<\/p>\n<div class=\"pvc_clear\"><\/div><p class=\"pvc_stats total_only \" data-element-id=\"3415\" style=\"\"><i class=\"pvc-stats-icon medium\" aria-hidden=\"true\"><svg aria-hidden=\"true\" focusable=\"false\" data-prefix=\"far\" data-icon=\"chart-bar\" role=\"img\" xmlns=\"http:\/\/www.w3.org\/2000\/svg\" viewBox=\"0 0 512 512\" class=\"svg-inline--fa fa-chart-bar fa-w-16 fa-2x\"><path fill=\"currentColor\" d=\"M396.8 352h22.4c6.4 0 12.8-6.4 12.8-12.8V108.8c0-6.4-6.4-12.8-12.8-12.8h-22.4c-6.4 0-12.8 6.4-12.8 12.8v230.4c0 6.4 6.4 12.8 12.8 12.8zm-192 0h22.4c6.4 0 12.8-6.4 12.8-12.8V140.8c0-6.4-6.4-12.8-12.8-12.8h-22.4c-6.4 0-12.8 6.4-12.8 12.8v198.4c0 6.4 6.4 12.8 12.8 12.8zm96 0h22.4c6.4 0 12.8-6.4 12.8-12.8V204.8c0-6.4-6.4-12.8-12.8-12.8h-22.4c-6.4 0-12.8 6.4-12.8 12.8v134.4c0 6.4 6.4 12.8 12.8 12.8zM496 400H48V80c0-8.84-7.16-16-16-16H16C7.16 64 0 71.16 0 80v336c0 17.67 14.33 32 32 32h464c8.84 0 16-7.16 16-16v-16c0-8.84-7.16-16-16-16zm-387.2-48h22.4c6.4 0 12.8-6.4 12.8-12.8v-70.4c0-6.4-6.4-12.8-12.8-12.8h-22.4c-6.4 0-12.8 6.4-12.8 12.8v70.4c0 6.4 6.4 12.8 12.8 12.8z\" class=\"\"><\/path><\/svg><\/i> &nbsp;1,876&nbsp;total views<\/p><div class=\"pvc_clear\"><\/div>","protected":false},"excerpt":{"rendered":"<p>\u0130\u015ftirak\u00e7\u0131lar \u201cimtahan \u00fc\u00e7\u00fcn burax\u0131l\u0131\u015f v\u0259r\u0259q\u0259si\u201dni \u00e7ap ed\u0259 bil\u0259rl\u0259r. \u0130mtahanda a\u015fa\u011f\u0131dak\u0131 kateqoriyaya aid olan abituriyentl\u0259r (\u015fagirdl\u0259r) i\u015ftirak ed\u0259c\u0259kl\u0259r. 1. H\u0259r hans\u0131 s\u0259b\u0259bd\u0259n burax\u0131l\u0131\u015f imtahan\u0131 \u00e7\u0259r\u00e7iv\u0259sind\u0259 \u00fcmumi (9 illik) orta orta t\u0259hsil s\u0259viyy\u0259si \u00fczr\u0259 2021-ci il may\u0131n 20-d\u0259 ke\u00e7iril\u0259n Az\u0259rbaycan dili (d\u00f6vl\u0259t dili kimi) imtahan\u0131nda\u00a0i\u015ftirak etm\u0259y\u0259n\u00a0cari ilin m\u0259zunlar\u0131.\u00a0Bu \u015fagirdl\u0259r\u00a0burax\u0131l\u0131\u015f v\u0259r\u0259q\u0259sini veril\u0259n linkd\u0259n (https:\/\/eservices.dim.gov.az\/sagirdbv\/?frm=egov) \u00e7ap etm\u0259lidirl\u0259r. 2. \u00dcmumi (9 illik) orta orta t\u0259hsil s\u0259viyy\u0259si \u00fczr\u0259 2021-ci il may\u0131n 20-d\u0259 ke\u00e7iril\u0259n imtahanda i\u015ftirak edib\u00a0qeyri-m\u0259qbul\u00a0qiym\u0259t alan v\u0259 \u00fcmumi (9 illik) orta t\u0259hsil bazas\u0131nda orta ixtisas t\u0259hsili m\u00fc\u0259ssis\u0259l\u0259rin\u0259 q\u0259bul olmaq \u00fc\u00e7\u00fcn s\u0259n\u0259d ver\u0259n\u00a0cari ilin abituriyentl\u0259ri; 3. Daha \u0259vv\u0259l ke\u00e7iril\u0259n imtahanlarda i\u015ftirak edib\u00a0qeyri-m\u0259qbul\u00a0qiym\u0259t alan v\u0259 ali t\u0259hsil\u2026<\/p>\n<div class=\"pvc_clear\"><\/div>\n<p class=\"pvc_stats total_only \" data-element-id=\"3415\" style=\"\"><i class=\"pvc-stats-icon medium\" aria-hidden=\"true\"><svg aria-hidden=\"true\" focusable=\"false\" data-prefix=\"far\" data-icon=\"chart-bar\" role=\"img\" xmlns=\"http:\/\/www.w3.org\/2000\/svg\" viewBox=\"0 0 512 512\" class=\"svg-inline--fa fa-chart-bar fa-w-16 fa-2x\"><path fill=\"currentColor\" d=\"M396.8 352h22.4c6.4 0 12.8-6.4 12.8-12.8V108.8c0-6.4-6.4-12.8-12.8-12.8h-22.4c-6.4 0-12.8 6.4-12.8 12.8v230.4c0 6.4 6.4 12.8 12.8 12.8zm-192 0h22.4c6.4 0 12.8-6.4 12.8-12.8V140.8c0-6.4-6.4-12.8-12.8-12.8h-22.4c-6.4 0-12.8 6.4-12.8 12.8v198.4c0 6.4 6.4 12.8 12.8 12.8zm96 0h22.4c6.4 0 12.8-6.4 12.8-12.8V204.8c0-6.4-6.4-12.8-12.8-12.8h-22.4c-6.4 0-12.8 6.4-12.8 12.8v134.4c0 6.4 6.4 12.8 12.8 12.8zM496 400H48V80c0-8.84-7.16-16-16-16H16C7.16 64 0 71.16 0 80v336c0 17.67 14.33 32 32 32h464c8.84 0 16-7.16 16-16v-16c0-8.84-7.16-16-16-16zm-387.2-48h22.4c6.4 0 12.8-6.4 12.8-12.8v-70.4c0-6.4-6.4-12.8-12.8-12.8h-22.4c-6.4 0-12.8 6.4-12.8 12.8v70.4c0 6.4 6.4 12.8 12.8 12.8z\" class=\"\"><\/path><\/svg><\/i> &nbsp;1,876&nbsp;total views<\/p>\n<div class=\"pvc_clear\"><\/div>\n","protected":false},"author":6,"featured_media":3418,"comment_status":"open","ping_status":"open","sticky":false,"template":"","format":"standard","meta":{"footnotes":""},"categories":[28,31],"tags":[],"class_list":["post-3415","post","type-post","status-publish","format-standard","has-post-thumbnail","hentry","category-dim","category-imtahan-tehsil"],"blocksy_meta":{"styles_descriptor":{"styles":{"desktop":"","tablet":"","mobile":""},"google_fonts":[]}},"featured_image_urls":{"full":["https:\/\/www.oxuyan.az\/xeberler\/wp-content\/uploads\/2021\/08\/Azerbaycan-dili-imtahan.png",1080,1080,false],"thumbnail":["https:\/\/www.oxuyan.az\/xeberler\/wp-content\/uploads\/2021\/08\/Azerbaycan-dili-imtahan.png",150,150,false],"medium":["https:\/\/www.oxuyan.az\/xeberler\/wp-content\/uploads\/2021\/08\/Azerbaycan-dili-imtahan.png",300,300,false],"medium_large":["https:\/\/www.oxuyan.az\/xeberler\/wp-content\/uploads\/2021\/08\/Azerbaycan-dili-imtahan.png",768,768,false],"large":["https:\/\/www.oxuyan.az\/xeberler\/wp-content\/uploads\/2021\/08\/Azerbaycan-dili-imtahan.png",1024,1024,false],"1536x1536":["https:\/\/www.oxuyan.az\/xeberler\/wp-content\/uploads\/2021\/08\/Azerbaycan-dili-imtahan.png",1080,1080,false],"2048x2048":["https:\/\/www.oxuyan.az\/xeberler\/wp-content\/uploads\/2021\/08\/Azerbaycan-dili-imtahan.png",1080,1080,false]},"post_excerpt_stackable":"<p>\u0130\u015ftirak\u00e7\u0131lar \u201cimtahan \u00fc\u00e7\u00fcn burax\u0131l\u0131\u015f v\u0259r\u0259q\u0259si\u201dni \u00e7ap ed\u0259 bil\u0259rl\u0259r. \u0130mtahanda a\u015fa\u011f\u0131dak\u0131 kateqoriyaya aid olan abituriyentl\u0259r (\u015fagirdl\u0259r) i\u015ftirak ed\u0259c\u0259kl\u0259r. 1. H\u0259r hans\u0131 s\u0259b\u0259bd\u0259n burax\u0131l\u0131\u015f imtahan\u0131 \u00e7\u0259r\u00e7iv\u0259sind\u0259 \u00fcmumi (9 illik) orta orta t\u0259hsil s\u0259viyy\u0259si \u00fczr\u0259 2021-ci il may\u0131n 20-d\u0259 ke\u00e7iril\u0259n Az\u0259rbaycan dili (d\u00f6vl\u0259t dili kimi) imtahan\u0131nda\u00a0i\u015ftirak etm\u0259y\u0259n\u00a0cari ilin m\u0259zunlar\u0131.\u00a0Bu \u015fagirdl\u0259r\u00a0burax\u0131l\u0131\u015f v\u0259r\u0259q\u0259sini veril\u0259n linkd\u0259n (https:\/\/eservices.dim.gov.az\/sagirdbv\/?frm=egov) \u00e7ap etm\u0259lidirl\u0259r. 2. \u00dcmumi (9 illik) orta orta t\u0259hsil s\u0259viyy\u0259si \u00fczr\u0259 2021-ci il may\u0131n 20-d\u0259 ke\u00e7iril\u0259n imtahanda i\u015ftirak edib\u00a0qeyri-m\u0259qbul\u00a0qiym\u0259t alan v\u0259 \u00fcmumi (9 illik) orta t\u0259hsil bazas\u0131nda orta ixtisas t\u0259hsili m\u00fc\u0259ssis\u0259l\u0259rin\u0259 q\u0259bul olmaq \u00fc\u00e7\u00fcn s\u0259n\u0259d ver\u0259n\u00a0cari ilin abituriyentl\u0259ri; 3. Daha \u0259vv\u0259l ke\u00e7iril\u0259n imtahanlarda i\u015ftirak edib\u00a0qeyri-m\u0259qbul\u00a0qiym\u0259t alan v\u0259 ali t\u0259hsil&hellip;<\/p>\n<div class=\"pvc_clear\"><\/div>\n<p class=\"pvc_stats total_only \" data-element-id=\"3415\" style=\"\"><i class=\"pvc-stats-icon medium\" aria-hidden=\"true\"><svg aria-hidden=\"true\" focusable=\"false\" data-prefix=\"far\" data-icon=\"chart-bar\" role=\"img\" xmlns=\"http:\/\/www.w3.org\/2000\/svg\" viewBox=\"0 0 512 512\" class=\"svg-inline--fa fa-chart-bar fa-w-16 fa-2x\"><path fill=\"currentColor\" d=\"M396.8 352h22.4c6.4 0 12.8-6.4 12.8-12.8V108.8c0-6.4-6.4-12.8-12.8-12.8h-22.4c-6.4 0-12.8 6.4-12.8 12.8v230.4c0 6.4 6.4 12.8 12.8 12.8zm-192 0h22.4c6.4 0 12.8-6.4 12.8-12.8V140.8c0-6.4-6.4-12.8-12.8-12.8h-22.4c-6.4 0-12.8 6.4-12.8 12.8v198.4c0 6.4 6.4 12.8 12.8 12.8zm96 0h22.4c6.4 0 12.8-6.4 12.8-12.8V204.8c0-6.4-6.4-12.8-12.8-12.8h-22.4c-6.4 0-12.8 6.4-12.8 12.8v134.4c0 6.4 6.4 12.8 12.8 12.8zM496 400H48V80c0-8.84-7.16-16-16-16H16C7.16 64 0 71.16 0 80v336c0 17.67 14.33 32 32 32h464c8.84 0 16-7.16 16-16v-16c0-8.84-7.16-16-16-16zm-387.2-48h22.4c6.4 0 12.8-6.4 12.8-12.8v-70.4c0-6.4-6.4-12.8-12.8-12.8h-22.4c-6.4 0-12.8 6.4-12.8 12.8v70.4c0 6.4 6.4 12.8 12.8 12.8z\" class=\"\"><\/path><\/svg><\/i> &nbsp;1,876&nbsp;total views<\/p>\n<div class=\"pvc_clear\"><\/div>\n","category_list":"<a href=\"https:\/\/www.oxuyan.az\/xeberler\/category\/tehsil\/dim\/\" rel=\"category tag\">DIM<\/a>, <a href=\"https:\/\/www.oxuyan.az\/xeberler\/category\/tehsil\/imtahan-tehsil\/\" rel=\"category tag\">\u0130mtahan<\/a>","author_info":{"name":"Famil M\u0259mm\u0259dli","url":"https:\/\/www.oxuyan.az\/xeberler\/author\/famil-mammadli\/"},"comments_num":"0 comments","yoast_head":"<!-- This site is optimized with the Yoast SEO plugin v16.2 - https:\/\/yoast.com\/wordpress\/plugins\/seo\/ -->\n<title>Az\u0259rbaycan dili f\u0259nni \u00fczr\u0259 n\u00f6vb\u0259ti imtahan ke\u00e7iril\u0259c\u0259k<\/title>\n<meta name=\"description\" content=\"\u0130\u015ftirak\u00e7\u0131lar \u201cimtahan \u00fc\u00e7\u00fcn burax\u0131l\u0131\u015f v\u0259r\u0259q\u0259si\u201dni \u00e7ap ed\u0259 bil\u0259rl\u0259r. \u0130mtahanda a\u015fa\u011f\u0131dak\u0131 kateqoriyaya aid olan abituriyentl\u0259r i\u015ftirak ed\u0259c\u0259kl\u0259r.\" \/>\n<meta name=\"robots\" content=\"index, follow, max-snippet:-1, max-image-preview:large, max-video-preview:-1\" \/>\n<link rel=\"canonical\" href=\"https:\/\/www.oxuyan.az\/xeberler\/tehsil\/dim\/azerbaycan-dili-fenni-uzre-novbeti-imtahan-kecirilecek\/\" \/>\n<meta property=\"og:locale\" content=\"az_AZ\" \/>\n<meta property=\"og:type\" content=\"article\" \/>\n<meta property=\"og:title\" content=\"Az\u0259rbaycan dili f\u0259nni \u00fczr\u0259 n\u00f6vb\u0259ti imtahan ke\u00e7iril\u0259c\u0259k\" \/>\n<meta property=\"og:description\" content=\"\u0130\u015ftirak\u00e7\u0131lar \u201cimtahan \u00fc\u00e7\u00fcn burax\u0131l\u0131\u015f v\u0259r\u0259q\u0259si\u201dni \u00e7ap ed\u0259 bil\u0259rl\u0259r. \u0130mtahanda a\u015fa\u011f\u0131dak\u0131 kateqoriyaya aid olan abituriyentl\u0259r i\u015ftirak ed\u0259c\u0259kl\u0259r.\" \/>\n<meta property=\"og:url\" content=\"https:\/\/www.oxuyan.az\/xeberler\/tehsil\/dim\/azerbaycan-dili-fenni-uzre-novbeti-imtahan-kecirilecek\/\" \/>\n<meta property=\"og:site_name\" content=\"Oxuyan T\u0259hsil X\u0259b\u0259rl\u0259ri\" \/>\n<meta property=\"article:published_time\" content=\"2021-08-06T11:28:58+00:00\" \/>\n<meta property=\"article:modified_time\" content=\"2021-08-06T11:28:59+00:00\" \/>\n<meta property=\"og:image\" content=\"https:\/\/www.oxuyan.az\/xeberler\/wp-content\/uploads\/2021\/08\/Azerbaycan-dili-imtahan.png\" \/>\n\t<meta property=\"og:image:width\" content=\"1080\" \/>\n\t<meta property=\"og:image:height\" content=\"1080\" \/>\n<meta name=\"twitter:card\" content=\"summary_large_image\" \/>\n<meta name=\"twitter:label1\" content=\"Est. reading time\">\n\t<meta name=\"twitter:data1\" content=\"1 minute\">\n<script type=\"application\/ld+json\" class=\"yoast-schema-graph\">{\"@context\":\"https:\/\/schema.org\",\"@graph\":[{\"@type\":\"WebSite\",\"@id\":\"https:\/\/www.oxuyan.az\/xeberler\/#website\",\"url\":\"https:\/\/www.oxuyan.az\/xeberler\/\",\"name\":\"Oxuyan Blog\",\"description\":\"Oxuyan \\u0130mtahan Platformas\\u0131n\\u0131n istifad\\u0259\\u00e7il\\u0259ri \\u00fc\\u00e7\\u00fcn haz\\u0131rlad\\u0131\\u011f\\u0131 m\\u0259qal\\u0259l\\u0259r\",\"potentialAction\":[{\"@type\":\"SearchAction\",\"target\":\"https:\/\/www.oxuyan.az\/xeberler\/?s={search_term_string}\",\"query-input\":\"required name=search_term_string\"}],\"inLanguage\":\"az\"},{\"@type\":\"ImageObject\",\"@id\":\"https:\/\/www.oxuyan.az\/xeberler\/tehsil\/dim\/azerbaycan-dili-fenni-uzre-novbeti-imtahan-kecirilecek\/#primaryimage\",\"inLanguage\":\"az\",\"url\":\"https:\/\/www.oxuyan.az\/xeberler\/wp-content\/uploads\/2021\/08\/Azerbaycan-dili-imtahan.png\",\"contentUrl\":\"https:\/\/www.oxuyan.az\/xeberler\/wp-content\/uploads\/2021\/08\/Azerbaycan-dili-imtahan.png\",\"width\":1080,\"height\":1080,\"caption\":\"Az\\u0259rbaycan dili f\\u0259nni \\u00fczr\\u0259 n\\u00f6vb\\u0259ti imtahan ke\\u00e7iril\\u0259c\\u0259k\"},{\"@type\":\"WebPage\",\"@id\":\"https:\/\/www.oxuyan.az\/xeberler\/tehsil\/dim\/azerbaycan-dili-fenni-uzre-novbeti-imtahan-kecirilecek\/#webpage\",\"url\":\"https:\/\/www.oxuyan.az\/xeberler\/tehsil\/dim\/azerbaycan-dili-fenni-uzre-novbeti-imtahan-kecirilecek\/\",\"name\":\"Az\\u0259rbaycan dili f\\u0259nni \\u00fczr\\u0259 n\\u00f6vb\\u0259ti imtahan ke\\u00e7iril\\u0259c\\u0259k\",\"isPartOf\":{\"@id\":\"https:\/\/www.oxuyan.az\/xeberler\/#website\"},\"primaryImageOfPage\":{\"@id\":\"https:\/\/www.oxuyan.az\/xeberler\/tehsil\/dim\/azerbaycan-dili-fenni-uzre-novbeti-imtahan-kecirilecek\/#primaryimage\"},\"datePublished\":\"2021-08-06T11:28:58+00:00\",\"dateModified\":\"2021-08-06T11:28:59+00:00\",\"author\":{\"@id\":\"https:\/\/www.oxuyan.az\/xeberler\/#\/schema\/person\/8d14cffc92e042d364d7f76bb30c8a90\"},\"description\":\"\\u0130\\u015ftirak\\u00e7\\u0131lar \\u201cimtahan \\u00fc\\u00e7\\u00fcn burax\\u0131l\\u0131\\u015f v\\u0259r\\u0259q\\u0259si\\u201dni \\u00e7ap ed\\u0259 bil\\u0259rl\\u0259r. \\u0130mtahanda a\\u015fa\\u011f\\u0131dak\\u0131 kateqoriyaya aid olan abituriyentl\\u0259r i\\u015ftirak ed\\u0259c\\u0259kl\\u0259r.\",\"breadcrumb\":{\"@id\":\"https:\/\/www.oxuyan.az\/xeberler\/tehsil\/dim\/azerbaycan-dili-fenni-uzre-novbeti-imtahan-kecirilecek\/#breadcrumb\"},\"inLanguage\":\"az\",\"potentialAction\":[{\"@type\":\"ReadAction\",\"target\":[\"https:\/\/www.oxuyan.az\/xeberler\/tehsil\/dim\/azerbaycan-dili-fenni-uzre-novbeti-imtahan-kecirilecek\/\"]}]},{\"@type\":\"BreadcrumbList\",\"@id\":\"https:\/\/www.oxuyan.az\/xeberler\/tehsil\/dim\/azerbaycan-dili-fenni-uzre-novbeti-imtahan-kecirilecek\/#breadcrumb\",\"itemListElement\":[{\"@type\":\"ListItem\",\"position\":1,\"item\":{\"@type\":\"WebPage\",\"@id\":\"https:\/\/www.oxuyan.az\/xeberler\/\",\"url\":\"https:\/\/www.oxuyan.az\/xeberler\/\",\"name\":\"Home\"}},{\"@type\":\"ListItem\",\"position\":2,\"item\":{\"@id\":\"https:\/\/www.oxuyan.az\/xeberler\/tehsil\/dim\/azerbaycan-dili-fenni-uzre-novbeti-imtahan-kecirilecek\/#webpage\"}}]},{\"@type\":\"Person\",\"@id\":\"https:\/\/www.oxuyan.az\/xeberler\/#\/schema\/person\/8d14cffc92e042d364d7f76bb30c8a90\",\"name\":\"Famil M\\u0259mm\\u0259dli\",\"image\":{\"@type\":\"ImageObject\",\"@id\":\"https:\/\/www.oxuyan.az\/xeberler\/#personlogo\",\"inLanguage\":\"az\",\"url\":\"https:\/\/www.oxuyan.az\/xeberler\/wp-content\/uploads\/2021\/06\/105052425_3156858764399796_2990896561204581615_n-1.jpg\",\"contentUrl\":\"https:\/\/www.oxuyan.az\/xeberler\/wp-content\/uploads\/2021\/06\/105052425_3156858764399796_2990896561204581615_n-1.jpg\",\"caption\":\"Famil M\\u0259mm\\u0259dli\"}}]}<\/script>\n<!-- \/ Yoast SEO plugin. -->","_links":{"self":[{"href":"https:\/\/www.oxuyan.az\/xeberler\/wp-json\/wp\/v2\/posts\/3415","targetHints":{"allow":["GET"]}}],"collection":[{"href":"https:\/\/www.oxuyan.az\/xeberler\/wp-json\/wp\/v2\/posts"}],"about":[{"href":"https:\/\/www.oxuyan.az\/xeberler\/wp-json\/wp\/v2\/types\/post"}],"author":[{"embeddable":true,"href":"https:\/\/www.oxuyan.az\/xeberler\/wp-json\/wp\/v2\/users\/6"}],"replies":[{"embeddable":true,"href":"https:\/\/www.oxuyan.az\/xeberler\/wp-json\/wp\/v2\/comments?post=3415"}],"version-history":[{"count":7,"href":"https:\/\/www.oxuyan.az\/xeberler\/wp-json\/wp\/v2\/posts\/3415\/revisions"}],"predecessor-version":[{"id":3423,"href":"https:\/\/www.oxuyan.az\/xeberler\/wp-json\/wp\/v2\/posts\/3415\/revisions\/3423"}],"wp:featuredmedia":[{"embeddable":true,"href":"https:\/\/www.oxuyan.az\/xeberler\/wp-json\/wp\/v2\/media\/3418"}],"wp:attachment":[{"href":"https:\/\/www.oxuyan.az\/xeberler\/wp-json\/wp\/v2\/media?parent=3415"}],"wp:term":[{"taxonomy":"category","embeddable":true,"href":"https:\/\/www.oxuyan.az\/xeberler\/wp-json\/wp\/v2\/categories?post=3415"},{"taxonomy":"post_tag","embeddable":true,"href":"https:\/\/www.oxuyan.az\/xeberler\/wp-json\/wp\/v2\/tags?post=3415"}],"curies":[{"name":"wp","href":"https:\/\/api.w.org\/{rel}","templated":true}]}}