{"id":3228,"date":"2021-07-12T16:54:16","date_gmt":"2021-07-12T12:54:16","guid":{"rendered":"https:\/\/www.oxuyan.az\/xeberler\/?p=3228"},"modified":"2021-07-12T16:54:17","modified_gmt":"2021-07-12T12:54:17","slug":"dim-terefinden-qebul-imtahanlari-kecirilecek","status":"publish","type":"post","link":"https:\/\/www.oxuyan.az\/xeberler\/tehsil\/dim\/dim-terefinden-qebul-imtahanlari-kecirilecek\/","title":{"rendered":"D\u0130M t\u0259r\u0259find\u0259n q\u0259bul imtahanlar\u0131 ke\u00e7iril\u0259c\u0259k"},"content":{"rendered":"\n<p>D\u00f6vl\u0259t \u0130mtahan M\u0259rk\u0259zi t\u0259r\u0259find\u0259n iyulun 14-d\u0259 III ixtisas qrupu, iyulun 15-d\u0259 is\u0259 II ixtisas qrupu \u00fczr\u0259 ali t\u0259hsil m\u00fc\u0259ssis\u0259l\u0259rin\u0259 q\u0259bul imtahanlar\u0131 ke\u00e7iril\u0259c\u0259k.<\/p>\n\n\n\n<p>\u0130\u015ftirak\u00e7\u0131lar iyulun 7-d\u0259n etibar\u0259n D\u00f6vl\u0259t \u0130mtahan M\u0259rk\u0259zinin sayt\u0131ndan &#8220;<a href=\"https:\/\/www.e-gov.az\/az\/services\/read\/2516\/0?tqdk_xdm=9\">\u0130mtahana burax\u0131l\u0131\u015f v\u0259r\u0259q\u0259si<\/a>&#8220;ni \u00e7ap ed\u0259 bilirl\u0259r.&nbsp;&nbsp;&nbsp;&nbsp;&nbsp;&nbsp;&nbsp;&nbsp;&nbsp;&nbsp;&nbsp;<\/p>\n\n\n\n<p>\u201c\u0130mtahana burax\u0131l\u0131\u015f v\u0259r\u0259q\u0259si\u201dnd\u0259 imtahan\u0131n ke\u00e7iril\u0259c\u0259yi tarix, \u015f\u0259h\u0259r (rayon), bina, zal, ba\u015flanma vaxt\u0131 v\u0259 abituriyentin imtahan binas\u0131na g\u0259lm\u0259 vaxt\u0131 v\u0259 s. m\u0259lumatlar qeyd olunub.<\/p>\n\n\n\n<p>Abituriyentl\u0259rin bir daha n\u0259z\u0259rin\u0259 \u00e7atd\u0131r\u0131r\u0131q ki, imtahanlar\u00a0saat 10:00-da\u00a0ba\u015flanacaq.\u00a0\u0130mtahanlar\u0131n ba\u015flanmas\u0131na 15 d\u0259qiq\u0259 qalm\u0131\u015f \u2013 saat 09:45-d\u0259 burax\u0131l\u0131\u015f rejimi ba\u015fa \u00e7at\u0131r v\u0259 bundan sonra g\u0259l\u0259n i\u015ftirak\u00e7\u0131lar imtahan binas\u0131na burax\u0131lm\u0131rlar.<\/p>\n\n\n\n<p>Abituriyentl\u0259r imtahana a\u015fa\u011f\u0131dak\u0131 s\u0259n\u0259dl\u0259ri g\u0259tirm\u0259lidirl\u0259r:&nbsp;<\/p>\n\n\n\n<p><strong>&#8211;&nbsp;\u0130mtahana burax\u0131l\u0131\u015f v\u0259r\u0259q\u0259si;<\/strong><\/p>\n\n\n\n<p><strong>&#8211;&nbsp;Sa\u011flaml\u0131q haqq\u0131nda b\u0259yannam\u0259<\/strong>&nbsp;(burax\u0131l\u0131\u015f v\u0259r\u0259qi il\u0259 birlikd\u0259 \u00e7ap edirsiniz v\u0259 imzalay\u0131rs\u0131n\u0131z.&nbsp;\u0130mtahana burax\u0131l\u0131\u015f v\u0259r\u0259q\u0259si abituriyentin \u00f6z\u00fcnd\u0259 saxlan\u0131ld\u0131\u011f\u0131, sa\u011flaml\u0131q haqq\u0131nda b\u0259yannam\u0259 is\u0259 imtahan n\u0259zar\u0259t\u00e7isin\u0259 t\u0259hvil verildiyi \u00fc\u00e7\u00fcn h\u0259r iki s\u0259n\u0259d ayr\u0131ca v\u0259r\u0259qd\u0259 \u00e7ap olunmal\u0131d\u0131r);<\/p>\n\n\n\n<p><strong>&#8211;&nbsp;&nbsp;\u015e\u0259xsiyy\u0259ti t\u0259sdiq ed\u0259n s\u0259n\u0259din \u0259sli:<\/strong><\/p>\n\n\n\n<p>a)&nbsp;Az\u0259rbaycan Respublikas\u0131n\u0131n v\u0259t\u0259nda\u015flar\u0131 (16 ya\u015f\u0131 tamam olmayan i\u015ftirak\u00e7\u0131lar da daxil olmaqla) \u015f\u0259xsiyy\u0259t v\u0259siq\u0259sini;<\/p>\n\n\n\n<p>b)&nbsp;\u0259cn\u0259bil\u0259r v\u0259 v\u0259t\u0259nda\u015fl\u0131\u011f\u0131 olmayan \u015f\u0259xsl\u0259r D\u00f6vl\u0259t Miqrasiya Xidm\u0259ti t\u0259r\u0259find\u0259n verilmi\u015f icaz\u0259 v\u0259siq\u0259l\u0259rini, qa\u00e7q\u0131n statusu alm\u0131\u015f xarici v\u0259t\u0259nda\u015flar v\u0259 onlar\u0131n ail\u0259 \u00fczvl\u0259ri is\u0259 qa\u00e7q\u0131n v\u0259siq\u0259l\u0259rini;<\/p>\n\n\n\n<p>&#8211;\u00a0\u00a0\u00a0\u015e\u0259xsiyy\u0259t v\u0259siq\u0259sind\u0259 \u015f\u0259kli olmayan i\u015ftirak\u00e7\u0131lar dig\u0259r s\u0259n\u0259dl\u0259rl\u0259 yana\u015f\u0131, t\u0259hsil m\u00fc\u0259ssis\u0259si t\u0259r\u0259find\u0259n verilmi\u015f v\u0259 foto\u015f\u0259kill\u0259ri yap\u0131\u015fd\u0131r\u0131lm\u0131\u015f aray\u0131\u015f\u0131 (aray\u0131\u015fa i\u015ftirak\u00e7\u0131n\u0131n 3x4sm \u00f6l\u00e7\u00fcl\u00fc \u015f\u0259kli yap\u0131\u015fd\u0131r\u0131l\u0131r v\u0259 \u015f\u0259kil m\u00f6h\u00fcrl\u0259 t\u0259sdiql\u0259nir).<\/p>\n\n\n\n<p>\u0130yulun 14-\u00fc III ixtisas qrupu \u00fczr\u0259 ke\u00e7iril\u0259c\u0259k imtahanda 21035, iyulun 15-i II ixtisas qrupu \u00fczr\u0259 ke\u00e7iril\u0259c\u0259k q\u0259bul imtahanlar\u0131 \u00fc\u00e7\u00fcn is\u0259 16757 n\u0259f\u0259r olmaqla, \u00fcmumilikd\u0259\u00a037792 abituriyentin i\u015ftirak\u0131 n\u0259z\u0259rd\u0259 tutulur.<\/p>\n\n\n\n<p>\u0130mtahanlarda 42 n\u0259f\u0259r fiziki m\u0259hdudiyy\u0259tli (g\u00f6zd\u0259n \u0259lil, e\u015fitm\u0259 \u0259ng\u0259lli) abituriyent d\u0259 i\u015ftirak ed\u0259c\u0259k. <\/p>\n\n\n\n<p>Bu abituriyentl\u0259rin rahat \u015f\u0259kild\u0259 imtahan verm\u0259si \u00fc\u00e7\u00fcn imtahan binalar\u0131nda x\u00fcsusi zallar ayr\u0131l\u0131b, g\u00f6zd\u0259n \u0259lill\u0259r \u00fc\u00e7\u00fcn f\u0259rdi n\u0259zar\u0259t\u00e7il\u0259r t\u0259yin edilib.\u00a0<\/p>\n\n\n\n<p>\u018fg\u0259r siz d\u0259 t\u0259hsill\u0259 ba\u011fl\u0131 \u0259n son yenilikl\u0259rd\u0259n x\u0259b\u0259rdar olmaq ist\u0259yirsinizs\u0259,\u00a0<a href=\"https:\/\/www.oxuyan.az\/xeberler\/\">Oxuyan platformas\u0131nda t\u0259hsil x\u0259b\u0259rl\u0259ri<\/a>\u00a0b\u00f6lm\u0259sini izl\u0259m\u0259yi unutmay\u0131n.<\/p>\n<div class=\"pvc_clear\"><\/div><p class=\"pvc_stats total_only \" data-element-id=\"3228\" style=\"\"><i class=\"pvc-stats-icon medium\" aria-hidden=\"true\"><svg aria-hidden=\"true\" focusable=\"false\" data-prefix=\"far\" data-icon=\"chart-bar\" role=\"img\" xmlns=\"http:\/\/www.w3.org\/2000\/svg\" viewBox=\"0 0 512 512\" class=\"svg-inline--fa fa-chart-bar fa-w-16 fa-2x\"><path fill=\"currentColor\" d=\"M396.8 352h22.4c6.4 0 12.8-6.4 12.8-12.8V108.8c0-6.4-6.4-12.8-12.8-12.8h-22.4c-6.4 0-12.8 6.4-12.8 12.8v230.4c0 6.4 6.4 12.8 12.8 12.8zm-192 0h22.4c6.4 0 12.8-6.4 12.8-12.8V140.8c0-6.4-6.4-12.8-12.8-12.8h-22.4c-6.4 0-12.8 6.4-12.8 12.8v198.4c0 6.4 6.4 12.8 12.8 12.8zm96 0h22.4c6.4 0 12.8-6.4 12.8-12.8V204.8c0-6.4-6.4-12.8-12.8-12.8h-22.4c-6.4 0-12.8 6.4-12.8 12.8v134.4c0 6.4 6.4 12.8 12.8 12.8zM496 400H48V80c0-8.84-7.16-16-16-16H16C7.16 64 0 71.16 0 80v336c0 17.67 14.33 32 32 32h464c8.84 0 16-7.16 16-16v-16c0-8.84-7.16-16-16-16zm-387.2-48h22.4c6.4 0 12.8-6.4 12.8-12.8v-70.4c0-6.4-6.4-12.8-12.8-12.8h-22.4c-6.4 0-12.8 6.4-12.8 12.8v70.4c0 6.4 6.4 12.8 12.8 12.8z\" class=\"\"><\/path><\/svg><\/i> &nbsp;1,046&nbsp;total views<\/p><div class=\"pvc_clear\"><\/div>","protected":false},"excerpt":{"rendered":"<p>D\u00f6vl\u0259t \u0130mtahan M\u0259rk\u0259zi t\u0259r\u0259find\u0259n iyulun 14-d\u0259 III ixtisas qrupu, iyulun 15-d\u0259 is\u0259 II ixtisas qrupu \u00fczr\u0259 ali t\u0259hsil m\u00fc\u0259ssis\u0259l\u0259rin\u0259 q\u0259bul imtahanlar\u0131 ke\u00e7iril\u0259c\u0259k. \u0130\u015ftirak\u00e7\u0131lar iyulun 7-d\u0259n etibar\u0259n D\u00f6vl\u0259t \u0130mtahan M\u0259rk\u0259zinin sayt\u0131ndan &#8220;\u0130mtahana burax\u0131l\u0131\u015f v\u0259r\u0259q\u0259si&#8220;ni \u00e7ap ed\u0259 bilirl\u0259r.&nbsp;&nbsp;&nbsp;&nbsp;&nbsp;&nbsp;&nbsp;&nbsp;&nbsp;&nbsp;&nbsp; \u201c\u0130mtahana burax\u0131l\u0131\u015f v\u0259r\u0259q\u0259si\u201dnd\u0259 imtahan\u0131n ke\u00e7iril\u0259c\u0259yi tarix, \u015f\u0259h\u0259r (rayon), bina, zal, ba\u015flanma vaxt\u0131 v\u0259 abituriyentin imtahan binas\u0131na g\u0259lm\u0259 vaxt\u0131 v\u0259 s. m\u0259lumatlar qeyd olunub. Abituriyentl\u0259rin bir daha n\u0259z\u0259rin\u0259 \u00e7atd\u0131r\u0131r\u0131q ki, imtahanlar\u00a0saat 10:00-da\u00a0ba\u015flanacaq.\u00a0\u0130mtahanlar\u0131n ba\u015flanmas\u0131na 15 d\u0259qiq\u0259 qalm\u0131\u015f \u2013 saat 09:45-d\u0259 burax\u0131l\u0131\u015f rejimi ba\u015fa \u00e7at\u0131r v\u0259 bundan sonra g\u0259l\u0259n i\u015ftirak\u00e7\u0131lar imtahan binas\u0131na burax\u0131lm\u0131rlar. Abituriyentl\u0259r imtahana a\u015fa\u011f\u0131dak\u0131 s\u0259n\u0259dl\u0259ri g\u0259tirm\u0259lidirl\u0259r:&nbsp; &#8211;&nbsp;\u0130mtahana burax\u0131l\u0131\u015f v\u0259r\u0259q\u0259si; &#8211;&nbsp;Sa\u011flaml\u0131q haqq\u0131nda b\u0259yannam\u0259&nbsp;(burax\u0131l\u0131\u015f v\u0259r\u0259qi il\u0259 birlikd\u0259\u2026<\/p>\n<div class=\"pvc_clear\"><\/div>\n<p class=\"pvc_stats total_only \" data-element-id=\"3228\" style=\"\"><i class=\"pvc-stats-icon medium\" aria-hidden=\"true\"><svg aria-hidden=\"true\" focusable=\"false\" data-prefix=\"far\" data-icon=\"chart-bar\" role=\"img\" xmlns=\"http:\/\/www.w3.org\/2000\/svg\" viewBox=\"0 0 512 512\" class=\"svg-inline--fa fa-chart-bar fa-w-16 fa-2x\"><path fill=\"currentColor\" d=\"M396.8 352h22.4c6.4 0 12.8-6.4 12.8-12.8V108.8c0-6.4-6.4-12.8-12.8-12.8h-22.4c-6.4 0-12.8 6.4-12.8 12.8v230.4c0 6.4 6.4 12.8 12.8 12.8zm-192 0h22.4c6.4 0 12.8-6.4 12.8-12.8V140.8c0-6.4-6.4-12.8-12.8-12.8h-22.4c-6.4 0-12.8 6.4-12.8 12.8v198.4c0 6.4 6.4 12.8 12.8 12.8zm96 0h22.4c6.4 0 12.8-6.4 12.8-12.8V204.8c0-6.4-6.4-12.8-12.8-12.8h-22.4c-6.4 0-12.8 6.4-12.8 12.8v134.4c0 6.4 6.4 12.8 12.8 12.8zM496 400H48V80c0-8.84-7.16-16-16-16H16C7.16 64 0 71.16 0 80v336c0 17.67 14.33 32 32 32h464c8.84 0 16-7.16 16-16v-16c0-8.84-7.16-16-16-16zm-387.2-48h22.4c6.4 0 12.8-6.4 12.8-12.8v-70.4c0-6.4-6.4-12.8-12.8-12.8h-22.4c-6.4 0-12.8 6.4-12.8 12.8v70.4c0 6.4 6.4 12.8 12.8 12.8z\" class=\"\"><\/path><\/svg><\/i> &nbsp;1,046&nbsp;total views<\/p>\n<div class=\"pvc_clear\"><\/div>\n","protected":false},"author":6,"featured_media":3241,"comment_status":"open","ping_status":"open","sticky":false,"template":"","format":"standard","meta":{"footnotes":""},"categories":[28,31],"tags":[],"class_list":["post-3228","post","type-post","status-publish","format-standard","has-post-thumbnail","hentry","category-dim","category-imtahan-tehsil"],"blocksy_meta":{"styles_descriptor":{"styles":{"desktop":"","tablet":"","mobile":""},"google_fonts":[]}},"featured_image_urls":{"full":["https:\/\/www.oxuyan.az\/xeberler\/wp-content\/uploads\/2021\/07\/qebul-imtahanlari-1.png",1080,1080,false],"thumbnail":["https:\/\/www.oxuyan.az\/xeberler\/wp-content\/uploads\/2021\/07\/qebul-imtahanlari-1.png",150,150,false],"medium":["https:\/\/www.oxuyan.az\/xeberler\/wp-content\/uploads\/2021\/07\/qebul-imtahanlari-1.png",300,300,false],"medium_large":["https:\/\/www.oxuyan.az\/xeberler\/wp-content\/uploads\/2021\/07\/qebul-imtahanlari-1.png",768,768,false],"large":["https:\/\/www.oxuyan.az\/xeberler\/wp-content\/uploads\/2021\/07\/qebul-imtahanlari-1.png",1024,1024,false],"1536x1536":["https:\/\/www.oxuyan.az\/xeberler\/wp-content\/uploads\/2021\/07\/qebul-imtahanlari-1.png",1080,1080,false],"2048x2048":["https:\/\/www.oxuyan.az\/xeberler\/wp-content\/uploads\/2021\/07\/qebul-imtahanlari-1.png",1080,1080,false]},"post_excerpt_stackable":"<p>D\u00f6vl\u0259t \u0130mtahan M\u0259rk\u0259zi t\u0259r\u0259find\u0259n iyulun 14-d\u0259 III ixtisas qrupu, iyulun 15-d\u0259 is\u0259 II ixtisas qrupu \u00fczr\u0259 ali t\u0259hsil m\u00fc\u0259ssis\u0259l\u0259rin\u0259 q\u0259bul imtahanlar\u0131 ke\u00e7iril\u0259c\u0259k. \u0130\u015ftirak\u00e7\u0131lar iyulun 7-d\u0259n etibar\u0259n D\u00f6vl\u0259t \u0130mtahan M\u0259rk\u0259zinin sayt\u0131ndan &#8220;\u0130mtahana burax\u0131l\u0131\u015f v\u0259r\u0259q\u0259si&#8220;ni \u00e7ap ed\u0259 bilirl\u0259r.&nbsp;&nbsp;&nbsp;&nbsp;&nbsp;&nbsp;&nbsp;&nbsp;&nbsp;&nbsp;&nbsp; \u201c\u0130mtahana burax\u0131l\u0131\u015f v\u0259r\u0259q\u0259si\u201dnd\u0259 imtahan\u0131n ke\u00e7iril\u0259c\u0259yi tarix, \u015f\u0259h\u0259r (rayon), bina, zal, ba\u015flanma vaxt\u0131 v\u0259 abituriyentin imtahan binas\u0131na g\u0259lm\u0259 vaxt\u0131 v\u0259 s. m\u0259lumatlar qeyd olunub. Abituriyentl\u0259rin bir daha n\u0259z\u0259rin\u0259 \u00e7atd\u0131r\u0131r\u0131q ki, imtahanlar\u00a0saat 10:00-da\u00a0ba\u015flanacaq.\u00a0\u0130mtahanlar\u0131n ba\u015flanmas\u0131na 15 d\u0259qiq\u0259 qalm\u0131\u015f \u2013 saat 09:45-d\u0259 burax\u0131l\u0131\u015f rejimi ba\u015fa \u00e7at\u0131r v\u0259 bundan sonra g\u0259l\u0259n i\u015ftirak\u00e7\u0131lar imtahan binas\u0131na burax\u0131lm\u0131rlar. Abituriyentl\u0259r imtahana a\u015fa\u011f\u0131dak\u0131 s\u0259n\u0259dl\u0259ri g\u0259tirm\u0259lidirl\u0259r:&nbsp; &#8211;&nbsp;\u0130mtahana burax\u0131l\u0131\u015f v\u0259r\u0259q\u0259si; &#8211;&nbsp;Sa\u011flaml\u0131q haqq\u0131nda b\u0259yannam\u0259&nbsp;(burax\u0131l\u0131\u015f v\u0259r\u0259qi il\u0259 birlikd\u0259&hellip;<\/p>\n<div class=\"pvc_clear\"><\/div>\n<p class=\"pvc_stats total_only \" data-element-id=\"3228\" style=\"\"><i class=\"pvc-stats-icon medium\" aria-hidden=\"true\"><svg aria-hidden=\"true\" focusable=\"false\" data-prefix=\"far\" data-icon=\"chart-bar\" role=\"img\" xmlns=\"http:\/\/www.w3.org\/2000\/svg\" viewBox=\"0 0 512 512\" class=\"svg-inline--fa fa-chart-bar fa-w-16 fa-2x\"><path fill=\"currentColor\" d=\"M396.8 352h22.4c6.4 0 12.8-6.4 12.8-12.8V108.8c0-6.4-6.4-12.8-12.8-12.8h-22.4c-6.4 0-12.8 6.4-12.8 12.8v230.4c0 6.4 6.4 12.8 12.8 12.8zm-192 0h22.4c6.4 0 12.8-6.4 12.8-12.8V140.8c0-6.4-6.4-12.8-12.8-12.8h-22.4c-6.4 0-12.8 6.4-12.8 12.8v198.4c0 6.4 6.4 12.8 12.8 12.8zm96 0h22.4c6.4 0 12.8-6.4 12.8-12.8V204.8c0-6.4-6.4-12.8-12.8-12.8h-22.4c-6.4 0-12.8 6.4-12.8 12.8v134.4c0 6.4 6.4 12.8 12.8 12.8zM496 400H48V80c0-8.84-7.16-16-16-16H16C7.16 64 0 71.16 0 80v336c0 17.67 14.33 32 32 32h464c8.84 0 16-7.16 16-16v-16c0-8.84-7.16-16-16-16zm-387.2-48h22.4c6.4 0 12.8-6.4 12.8-12.8v-70.4c0-6.4-6.4-12.8-12.8-12.8h-22.4c-6.4 0-12.8 6.4-12.8 12.8v70.4c0 6.4 6.4 12.8 12.8 12.8z\" class=\"\"><\/path><\/svg><\/i> &nbsp;1,046&nbsp;total views<\/p>\n<div class=\"pvc_clear\"><\/div>\n","category_list":"<a href=\"https:\/\/www.oxuyan.az\/xeberler\/category\/tehsil\/dim\/\" rel=\"category tag\">DIM<\/a>, <a href=\"https:\/\/www.oxuyan.az\/xeberler\/category\/tehsil\/imtahan-tehsil\/\" rel=\"category tag\">\u0130mtahan<\/a>","author_info":{"name":"Famil M\u0259mm\u0259dli","url":"https:\/\/www.oxuyan.az\/xeberler\/author\/famil-mammadli\/"},"comments_num":"0 comments","yoast_head":"<!-- This site is optimized with the Yoast SEO plugin v16.2 - https:\/\/yoast.com\/wordpress\/plugins\/seo\/ -->\n<title>D\u0130M t\u0259r\u0259find\u0259n q\u0259bul imtahanlar\u0131 ke\u00e7iril\u0259c\u0259k - Oxuyan T\u0259hsil X\u0259b\u0259rl\u0259ri<\/title>\n<meta name=\"description\" content=\"D\u0130M t\u0259r\u0259find\u0259n iyulun 14-d\u0259 III ixtisas qrupu, iyulun 15-d\u0259 is\u0259 II ixtisas qrupu \u00fczr\u0259 t\u0259hsil m\u00fc\u0259ssis\u0259l\u0259rin\u0259 q\u0259bul imtahanlar\u0131 ke\u00e7iril\u0259c\u0259k.\" \/>\n<meta name=\"robots\" content=\"index, follow, max-snippet:-1, max-image-preview:large, max-video-preview:-1\" \/>\n<link rel=\"canonical\" href=\"https:\/\/www.oxuyan.az\/xeberler\/tehsil\/dim\/dim-terefinden-qebul-imtahanlari-kecirilecek\/\" \/>\n<meta property=\"og:locale\" content=\"az_AZ\" \/>\n<meta property=\"og:type\" content=\"article\" \/>\n<meta property=\"og:title\" content=\"D\u0130M t\u0259r\u0259find\u0259n q\u0259bul imtahanlar\u0131 ke\u00e7iril\u0259c\u0259k - Oxuyan T\u0259hsil X\u0259b\u0259rl\u0259ri\" \/>\n<meta property=\"og:description\" content=\"D\u0130M t\u0259r\u0259find\u0259n iyulun 14-d\u0259 III ixtisas qrupu, iyulun 15-d\u0259 is\u0259 II ixtisas qrupu \u00fczr\u0259 t\u0259hsil m\u00fc\u0259ssis\u0259l\u0259rin\u0259 q\u0259bul imtahanlar\u0131 ke\u00e7iril\u0259c\u0259k.\" \/>\n<meta property=\"og:url\" content=\"https:\/\/www.oxuyan.az\/xeberler\/tehsil\/dim\/dim-terefinden-qebul-imtahanlari-kecirilecek\/\" \/>\n<meta property=\"og:site_name\" content=\"Oxuyan T\u0259hsil X\u0259b\u0259rl\u0259ri\" \/>\n<meta property=\"article:published_time\" content=\"2021-07-12T12:54:16+00:00\" \/>\n<meta property=\"article:modified_time\" content=\"2021-07-12T12:54:17+00:00\" \/>\n<meta property=\"og:image\" content=\"https:\/\/www.oxuyan.az\/xeberler\/wp-content\/uploads\/2021\/07\/qebul-imtahanlari-1.png\" \/>\n\t<meta property=\"og:image:width\" content=\"1080\" \/>\n\t<meta property=\"og:image:height\" content=\"1080\" \/>\n<meta name=\"twitter:card\" content=\"summary_large_image\" \/>\n<meta name=\"twitter:label1\" content=\"Est. reading time\">\n\t<meta name=\"twitter:data1\" content=\"2 minutes\">\n<script type=\"application\/ld+json\" class=\"yoast-schema-graph\">{\"@context\":\"https:\/\/schema.org\",\"@graph\":[{\"@type\":\"WebSite\",\"@id\":\"https:\/\/www.oxuyan.az\/xeberler\/#website\",\"url\":\"https:\/\/www.oxuyan.az\/xeberler\/\",\"name\":\"Oxuyan Blog\",\"description\":\"Oxuyan \\u0130mtahan Platformas\\u0131n\\u0131n istifad\\u0259\\u00e7il\\u0259ri \\u00fc\\u00e7\\u00fcn haz\\u0131rlad\\u0131\\u011f\\u0131 m\\u0259qal\\u0259l\\u0259r\",\"potentialAction\":[{\"@type\":\"SearchAction\",\"target\":\"https:\/\/www.oxuyan.az\/xeberler\/?s={search_term_string}\",\"query-input\":\"required name=search_term_string\"}],\"inLanguage\":\"az\"},{\"@type\":\"ImageObject\",\"@id\":\"https:\/\/www.oxuyan.az\/xeberler\/tehsil\/dim\/dim-terefinden-qebul-imtahanlari-kecirilecek\/#primaryimage\",\"inLanguage\":\"az\",\"url\":\"https:\/\/www.oxuyan.az\/xeberler\/wp-content\/uploads\/2021\/07\/qebul-imtahanlari-1.png\",\"contentUrl\":\"https:\/\/www.oxuyan.az\/xeberler\/wp-content\/uploads\/2021\/07\/qebul-imtahanlari-1.png\",\"width\":1080,\"height\":1080,\"caption\":\"D\\u0130M t\\u0259r\\u0259find\\u0259n q\\u0259bul imtahanlar\\u0131 ke\\u00e7iril\\u0259c\\u0259k\"},{\"@type\":\"WebPage\",\"@id\":\"https:\/\/www.oxuyan.az\/xeberler\/tehsil\/dim\/dim-terefinden-qebul-imtahanlari-kecirilecek\/#webpage\",\"url\":\"https:\/\/www.oxuyan.az\/xeberler\/tehsil\/dim\/dim-terefinden-qebul-imtahanlari-kecirilecek\/\",\"name\":\"D\\u0130M t\\u0259r\\u0259find\\u0259n q\\u0259bul imtahanlar\\u0131 ke\\u00e7iril\\u0259c\\u0259k - Oxuyan T\\u0259hsil X\\u0259b\\u0259rl\\u0259ri\",\"isPartOf\":{\"@id\":\"https:\/\/www.oxuyan.az\/xeberler\/#website\"},\"primaryImageOfPage\":{\"@id\":\"https:\/\/www.oxuyan.az\/xeberler\/tehsil\/dim\/dim-terefinden-qebul-imtahanlari-kecirilecek\/#primaryimage\"},\"datePublished\":\"2021-07-12T12:54:16+00:00\",\"dateModified\":\"2021-07-12T12:54:17+00:00\",\"author\":{\"@id\":\"https:\/\/www.oxuyan.az\/xeberler\/#\/schema\/person\/8d14cffc92e042d364d7f76bb30c8a90\"},\"description\":\"D\\u0130M t\\u0259r\\u0259find\\u0259n iyulun 14-d\\u0259 III ixtisas qrupu, iyulun 15-d\\u0259 is\\u0259 II ixtisas qrupu \\u00fczr\\u0259 t\\u0259hsil m\\u00fc\\u0259ssis\\u0259l\\u0259rin\\u0259 q\\u0259bul imtahanlar\\u0131 ke\\u00e7iril\\u0259c\\u0259k.\",\"breadcrumb\":{\"@id\":\"https:\/\/www.oxuyan.az\/xeberler\/tehsil\/dim\/dim-terefinden-qebul-imtahanlari-kecirilecek\/#breadcrumb\"},\"inLanguage\":\"az\",\"potentialAction\":[{\"@type\":\"ReadAction\",\"target\":[\"https:\/\/www.oxuyan.az\/xeberler\/tehsil\/dim\/dim-terefinden-qebul-imtahanlari-kecirilecek\/\"]}]},{\"@type\":\"BreadcrumbList\",\"@id\":\"https:\/\/www.oxuyan.az\/xeberler\/tehsil\/dim\/dim-terefinden-qebul-imtahanlari-kecirilecek\/#breadcrumb\",\"itemListElement\":[{\"@type\":\"ListItem\",\"position\":1,\"item\":{\"@type\":\"WebPage\",\"@id\":\"https:\/\/www.oxuyan.az\/xeberler\/\",\"url\":\"https:\/\/www.oxuyan.az\/xeberler\/\",\"name\":\"Home\"}},{\"@type\":\"ListItem\",\"position\":2,\"item\":{\"@id\":\"https:\/\/www.oxuyan.az\/xeberler\/tehsil\/dim\/dim-terefinden-qebul-imtahanlari-kecirilecek\/#webpage\"}}]},{\"@type\":\"Person\",\"@id\":\"https:\/\/www.oxuyan.az\/xeberler\/#\/schema\/person\/8d14cffc92e042d364d7f76bb30c8a90\",\"name\":\"Famil M\\u0259mm\\u0259dli\",\"image\":{\"@type\":\"ImageObject\",\"@id\":\"https:\/\/www.oxuyan.az\/xeberler\/#personlogo\",\"inLanguage\":\"az\",\"url\":\"https:\/\/www.oxuyan.az\/xeberler\/wp-content\/uploads\/2021\/06\/105052425_3156858764399796_2990896561204581615_n-1.jpg\",\"contentUrl\":\"https:\/\/www.oxuyan.az\/xeberler\/wp-content\/uploads\/2021\/06\/105052425_3156858764399796_2990896561204581615_n-1.jpg\",\"caption\":\"Famil M\\u0259mm\\u0259dli\"}}]}<\/script>\n<!-- \/ Yoast SEO plugin. -->","_links":{"self":[{"href":"https:\/\/www.oxuyan.az\/xeberler\/wp-json\/wp\/v2\/posts\/3228","targetHints":{"allow":["GET"]}}],"collection":[{"href":"https:\/\/www.oxuyan.az\/xeberler\/wp-json\/wp\/v2\/posts"}],"about":[{"href":"https:\/\/www.oxuyan.az\/xeberler\/wp-json\/wp\/v2\/types\/post"}],"author":[{"embeddable":true,"href":"https:\/\/www.oxuyan.az\/xeberler\/wp-json\/wp\/v2\/users\/6"}],"replies":[{"embeddable":true,"href":"https:\/\/www.oxuyan.az\/xeberler\/wp-json\/wp\/v2\/comments?post=3228"}],"version-history":[{"count":13,"href":"https:\/\/www.oxuyan.az\/xeberler\/wp-json\/wp\/v2\/posts\/3228\/revisions"}],"predecessor-version":[{"id":3242,"href":"https:\/\/www.oxuyan.az\/xeberler\/wp-json\/wp\/v2\/posts\/3228\/revisions\/3242"}],"wp:featuredmedia":[{"embeddable":true,"href":"https:\/\/www.oxuyan.az\/xeberler\/wp-json\/wp\/v2\/media\/3241"}],"wp:attachment":[{"href":"https:\/\/www.oxuyan.az\/xeberler\/wp-json\/wp\/v2\/media?parent=3228"}],"wp:term":[{"taxonomy":"category","embeddable":true,"href":"https:\/\/www.oxuyan.az\/xeberler\/wp-json\/wp\/v2\/categories?post=3228"},{"taxonomy":"post_tag","embeddable":true,"href":"https:\/\/www.oxuyan.az\/xeberler\/wp-json\/wp\/v2\/tags?post=3228"}],"curies":[{"name":"wp","href":"https:\/\/api.w.org\/{rel}","templated":true}]}}