{"id":282,"date":"2021-06-10T19:07:09","date_gmt":"2021-06-10T15:07:09","guid":{"rendered":"https:\/\/www.oxuyan.az\/xeberler\/?p=282"},"modified":"2021-06-10T19:07:10","modified_gmt":"2021-06-10T15:07:10","slug":"miq-le-bagli-sened-qebulu-sabah-basa-catir","status":"publish","type":"post","link":"https:\/\/www.oxuyan.az\/xeberler\/is-sektoru\/miq-le-bagli-sened-qebulu-sabah-basa-catir\/","title":{"rendered":"M\u0130Q-l\u0259 ba\u011fl\u0131 s\u0259n\u0259d q\u0259bulu sabah ba\u015fa \u00e7at\u0131r"},"content":{"rendered":"\n<p>\u0130yunun 11-d\u0259 T\u0259hsil Nazirliyi sistemin\u0259 daxil olan \u00fcmumi t\u0259hsil m\u00fc\u0259ssis\u0259l\u0259rin\u0259 m\u00fc\u0259lliml\u0259rin i\u015f\u0259 q\u0259bulu \u00fczr\u0259 elektron s\u0259n\u0259d q\u0259bulu prosesi yekunla\u015facaq. Namiz\u0259dl\u0259r 11 iyun saat 23:59-d\u0259k&nbsp;<a href=\"http:\/\/miq.edu.az\/\" target=\"_blank\" rel=\"noreferrer noopener\">miq.edu.az<\/a>&nbsp;sayt\u0131na daxil olaraq qeydiyyatdan ke\u00e7\u0259 bil\u0259rl\u0259r.<\/p>\n\n\n\n<p>S\u0259n\u0259d q\u0259bulu prosesind\u0259 ali v\u0259 orta ixtisas t\u0259hsili m\u00fc\u0259ssis\u0259l\u0259rini pedaqoji ixtisaslar \u00fczr\u0259 bitirmi\u015f, d\u00f6vl\u0259t n\u00fcmun\u0259li t\u0259hsil s\u0259n\u0259di (diplom) alm\u0131\u015f v\u0259 ya xarici \u00f6lk\u0259d\u0259 ald\u0131\u011f\u0131 ali t\u0259hsil haqq\u0131nda s\u0259n\u0259di tan\u0131nm\u0131\u015f Az\u0259rbaycan Respublikas\u0131n\u0131n v\u0259t\u0259nda\u015flar\u0131 v\u0259 ya Az\u0259rbaycan Respublikas\u0131nda daimi ya\u015famaq \u00fc\u00e7\u00fcn icaz\u0259 verilmi\u015f \u015f\u0259xsl\u0259r i\u015ftirak ed\u0259 bil\u0259rl\u0259r. Eyni zamanda, m\u00fcsabiq\u0259d\u0259 orta ixtisas v\u0259 ali t\u0259hsil m\u00fc\u0259ssis\u0259l\u0259rind\u0259 pedaqoji ixtisaslar \u00fczr\u0259 t\u0259hsil alan sonuncu kurs t\u0259l\u0259b\u0259l\u0259ri i\u015ftirak ed\u0259 bil\u0259rl\u0259r.<\/p>\n\n\n\n<p>Test imtahan\u0131 m\u0259rh\u0259l\u0259sind\u0259 i\u015ftirak ed\u0259c\u0259k \u015f\u0259xsl\u0259rd\u0259n COVID-19 peyv\u0259ndi il\u0259 ba\u011fl\u0131 s\u0259n\u0259d t\u0259l\u0259b olunmayacaq. M\u00fcsabiq\u0259nin n\u00f6vb\u0259ti m\u0259rh\u0259l\u0259l\u0259rind\u0259 s\u00f6z\u00fcged\u0259n s\u0259n\u0259d t\u0259l\u0259b olunaca\u011f\u0131 t\u0259qdird\u0259 namiz\u0259dl\u0259r\u0259 \u0259vv\u0259lc\u0259d\u0259n m\u0259lumat veril\u0259c\u0259k.<\/p>\n\n\n\n<p>\u018fg\u0259r siz d\u0259 t\u0259hsill\u0259 ba\u011fl\u0131 \u0259n son yenilikl\u0259rd\u0259n x\u0259b\u0259rdar olmaq ist\u0259yirsinizs\u0259,\u00a0<a href=\"https:\/\/www.oxuyan.az\/xeberler\/\">Oxuyan platformas\u0131nda t\u0259hsil x\u0259b\u0259rl\u0259ri<\/a>\u00a0b\u00f6lm\u0259sini izl\u0259m\u0259yi unutmay\u0131n.<\/p>\n<div class=\"pvc_clear\"><\/div><p class=\"pvc_stats total_only \" data-element-id=\"282\" style=\"\"><i class=\"pvc-stats-icon medium\" aria-hidden=\"true\"><svg aria-hidden=\"true\" focusable=\"false\" data-prefix=\"far\" data-icon=\"chart-bar\" role=\"img\" xmlns=\"http:\/\/www.w3.org\/2000\/svg\" viewBox=\"0 0 512 512\" class=\"svg-inline--fa fa-chart-bar fa-w-16 fa-2x\"><path fill=\"currentColor\" d=\"M396.8 352h22.4c6.4 0 12.8-6.4 12.8-12.8V108.8c0-6.4-6.4-12.8-12.8-12.8h-22.4c-6.4 0-12.8 6.4-12.8 12.8v230.4c0 6.4 6.4 12.8 12.8 12.8zm-192 0h22.4c6.4 0 12.8-6.4 12.8-12.8V140.8c0-6.4-6.4-12.8-12.8-12.8h-22.4c-6.4 0-12.8 6.4-12.8 12.8v198.4c0 6.4 6.4 12.8 12.8 12.8zm96 0h22.4c6.4 0 12.8-6.4 12.8-12.8V204.8c0-6.4-6.4-12.8-12.8-12.8h-22.4c-6.4 0-12.8 6.4-12.8 12.8v134.4c0 6.4 6.4 12.8 12.8 12.8zM496 400H48V80c0-8.84-7.16-16-16-16H16C7.16 64 0 71.16 0 80v336c0 17.67 14.33 32 32 32h464c8.84 0 16-7.16 16-16v-16c0-8.84-7.16-16-16-16zm-387.2-48h22.4c6.4 0 12.8-6.4 12.8-12.8v-70.4c0-6.4-6.4-12.8-12.8-12.8h-22.4c-6.4 0-12.8 6.4-12.8 12.8v70.4c0 6.4 6.4 12.8 12.8 12.8z\" class=\"\"><\/path><\/svg><\/i> &nbsp;983&nbsp;total views<\/p><div class=\"pvc_clear\"><\/div>","protected":false},"excerpt":{"rendered":"<p>\u0130yunun 11-d\u0259 T\u0259hsil Nazirliyi sistemin\u0259 daxil olan \u00fcmumi t\u0259hsil m\u00fc\u0259ssis\u0259l\u0259rin\u0259 m\u00fc\u0259lliml\u0259rin i\u015f\u0259 q\u0259bulu \u00fczr\u0259 elektron s\u0259n\u0259d q\u0259bulu prosesi yekunla\u015facaq. Namiz\u0259dl\u0259r 11 iyun saat 23:59-d\u0259k&nbsp;miq.edu.az&nbsp;sayt\u0131na daxil olaraq qeydiyyatdan ke\u00e7\u0259 bil\u0259rl\u0259r. S\u0259n\u0259d q\u0259bulu prosesind\u0259 ali v\u0259 orta ixtisas t\u0259hsili m\u00fc\u0259ssis\u0259l\u0259rini pedaqoji ixtisaslar \u00fczr\u0259 bitirmi\u015f, d\u00f6vl\u0259t n\u00fcmun\u0259li t\u0259hsil s\u0259n\u0259di (diplom) alm\u0131\u015f v\u0259 ya xarici \u00f6lk\u0259d\u0259 ald\u0131\u011f\u0131 ali t\u0259hsil haqq\u0131nda s\u0259n\u0259di tan\u0131nm\u0131\u015f Az\u0259rbaycan Respublikas\u0131n\u0131n v\u0259t\u0259nda\u015flar\u0131 v\u0259 ya Az\u0259rbaycan Respublikas\u0131nda daimi ya\u015famaq \u00fc\u00e7\u00fcn icaz\u0259 verilmi\u015f \u015f\u0259xsl\u0259r i\u015ftirak ed\u0259 bil\u0259rl\u0259r. Eyni zamanda, m\u00fcsabiq\u0259d\u0259 orta ixtisas v\u0259 ali t\u0259hsil m\u00fc\u0259ssis\u0259l\u0259rind\u0259 pedaqoji ixtisaslar \u00fczr\u0259 t\u0259hsil alan sonuncu kurs t\u0259l\u0259b\u0259l\u0259ri i\u015ftirak ed\u0259 bil\u0259rl\u0259r. Test imtahan\u0131 m\u0259rh\u0259l\u0259sind\u0259 i\u015ftirak ed\u0259c\u0259k \u015f\u0259xsl\u0259rd\u0259n\u2026<\/p>\n<div class=\"pvc_clear\"><\/div>\n<p class=\"pvc_stats total_only \" data-element-id=\"282\" style=\"\"><i class=\"pvc-stats-icon medium\" aria-hidden=\"true\"><svg aria-hidden=\"true\" focusable=\"false\" data-prefix=\"far\" data-icon=\"chart-bar\" role=\"img\" xmlns=\"http:\/\/www.w3.org\/2000\/svg\" viewBox=\"0 0 512 512\" class=\"svg-inline--fa fa-chart-bar fa-w-16 fa-2x\"><path fill=\"currentColor\" d=\"M396.8 352h22.4c6.4 0 12.8-6.4 12.8-12.8V108.8c0-6.4-6.4-12.8-12.8-12.8h-22.4c-6.4 0-12.8 6.4-12.8 12.8v230.4c0 6.4 6.4 12.8 12.8 12.8zm-192 0h22.4c6.4 0 12.8-6.4 12.8-12.8V140.8c0-6.4-6.4-12.8-12.8-12.8h-22.4c-6.4 0-12.8 6.4-12.8 12.8v198.4c0 6.4 6.4 12.8 12.8 12.8zm96 0h22.4c6.4 0 12.8-6.4 12.8-12.8V204.8c0-6.4-6.4-12.8-12.8-12.8h-22.4c-6.4 0-12.8 6.4-12.8 12.8v134.4c0 6.4 6.4 12.8 12.8 12.8zM496 400H48V80c0-8.84-7.16-16-16-16H16C7.16 64 0 71.16 0 80v336c0 17.67 14.33 32 32 32h464c8.84 0 16-7.16 16-16v-16c0-8.84-7.16-16-16-16zm-387.2-48h22.4c6.4 0 12.8-6.4 12.8-12.8v-70.4c0-6.4-6.4-12.8-12.8-12.8h-22.4c-6.4 0-12.8 6.4-12.8 12.8v70.4c0 6.4 6.4 12.8 12.8 12.8z\" class=\"\"><\/path><\/svg><\/i> &nbsp;983&nbsp;total views<\/p>\n<div class=\"pvc_clear\"><\/div>\n","protected":false},"author":6,"featured_media":0,"comment_status":"open","ping_status":"open","sticky":false,"template":"","format":"standard","meta":{"footnotes":""},"categories":[25,18,23],"tags":[],"class_list":["post-282","post","type-post","status-publish","format-standard","hentry","category-cemiyyet","category-is-sektoru","category-tehsil"],"blocksy_meta":{"styles_descriptor":{"styles":{"desktop":"","tablet":"","mobile":""},"google_fonts":[]}},"featured_image_urls":{"full":"","thumbnail":"","medium":"","medium_large":"","large":"","1536x1536":"","2048x2048":""},"post_excerpt_stackable":"<p>\u0130yunun 11-d\u0259 T\u0259hsil Nazirliyi sistemin\u0259 daxil olan \u00fcmumi t\u0259hsil m\u00fc\u0259ssis\u0259l\u0259rin\u0259 m\u00fc\u0259lliml\u0259rin i\u015f\u0259 q\u0259bulu \u00fczr\u0259 elektron s\u0259n\u0259d q\u0259bulu prosesi yekunla\u015facaq. Namiz\u0259dl\u0259r 11 iyun saat 23:59-d\u0259k&nbsp;miq.edu.az&nbsp;sayt\u0131na daxil olaraq qeydiyyatdan ke\u00e7\u0259 bil\u0259rl\u0259r. S\u0259n\u0259d q\u0259bulu prosesind\u0259 ali v\u0259 orta ixtisas t\u0259hsili m\u00fc\u0259ssis\u0259l\u0259rini pedaqoji ixtisaslar \u00fczr\u0259 bitirmi\u015f, d\u00f6vl\u0259t n\u00fcmun\u0259li t\u0259hsil s\u0259n\u0259di (diplom) alm\u0131\u015f v\u0259 ya xarici \u00f6lk\u0259d\u0259 ald\u0131\u011f\u0131 ali t\u0259hsil haqq\u0131nda s\u0259n\u0259di tan\u0131nm\u0131\u015f Az\u0259rbaycan Respublikas\u0131n\u0131n v\u0259t\u0259nda\u015flar\u0131 v\u0259 ya Az\u0259rbaycan Respublikas\u0131nda daimi ya\u015famaq \u00fc\u00e7\u00fcn icaz\u0259 verilmi\u015f \u015f\u0259xsl\u0259r i\u015ftirak ed\u0259 bil\u0259rl\u0259r. Eyni zamanda, m\u00fcsabiq\u0259d\u0259 orta ixtisas v\u0259 ali t\u0259hsil m\u00fc\u0259ssis\u0259l\u0259rind\u0259 pedaqoji ixtisaslar \u00fczr\u0259 t\u0259hsil alan sonuncu kurs t\u0259l\u0259b\u0259l\u0259ri i\u015ftirak ed\u0259 bil\u0259rl\u0259r. Test imtahan\u0131 m\u0259rh\u0259l\u0259sind\u0259 i\u015ftirak ed\u0259c\u0259k \u015f\u0259xsl\u0259rd\u0259n&hellip;<\/p>\n<div class=\"pvc_clear\"><\/div>\n<p class=\"pvc_stats total_only \" data-element-id=\"282\" style=\"\"><i class=\"pvc-stats-icon medium\" aria-hidden=\"true\"><svg aria-hidden=\"true\" focusable=\"false\" data-prefix=\"far\" data-icon=\"chart-bar\" role=\"img\" xmlns=\"http:\/\/www.w3.org\/2000\/svg\" viewBox=\"0 0 512 512\" class=\"svg-inline--fa fa-chart-bar fa-w-16 fa-2x\"><path fill=\"currentColor\" d=\"M396.8 352h22.4c6.4 0 12.8-6.4 12.8-12.8V108.8c0-6.4-6.4-12.8-12.8-12.8h-22.4c-6.4 0-12.8 6.4-12.8 12.8v230.4c0 6.4 6.4 12.8 12.8 12.8zm-192 0h22.4c6.4 0 12.8-6.4 12.8-12.8V140.8c0-6.4-6.4-12.8-12.8-12.8h-22.4c-6.4 0-12.8 6.4-12.8 12.8v198.4c0 6.4 6.4 12.8 12.8 12.8zm96 0h22.4c6.4 0 12.8-6.4 12.8-12.8V204.8c0-6.4-6.4-12.8-12.8-12.8h-22.4c-6.4 0-12.8 6.4-12.8 12.8v134.4c0 6.4 6.4 12.8 12.8 12.8zM496 400H48V80c0-8.84-7.16-16-16-16H16C7.16 64 0 71.16 0 80v336c0 17.67 14.33 32 32 32h464c8.84 0 16-7.16 16-16v-16c0-8.84-7.16-16-16-16zm-387.2-48h22.4c6.4 0 12.8-6.4 12.8-12.8v-70.4c0-6.4-6.4-12.8-12.8-12.8h-22.4c-6.4 0-12.8 6.4-12.8 12.8v70.4c0 6.4 6.4 12.8 12.8 12.8z\" class=\"\"><\/path><\/svg><\/i> &nbsp;983&nbsp;total views<\/p>\n<div class=\"pvc_clear\"><\/div>\n","category_list":"<a href=\"https:\/\/www.oxuyan.az\/xeberler\/category\/cemiyyet\/\" rel=\"category tag\">C\u0259miyy\u0259t<\/a>, <a href=\"https:\/\/www.oxuyan.az\/xeberler\/category\/is-sektoru\/\" rel=\"category tag\">\u0130\u015f sektoru<\/a>, <a href=\"https:\/\/www.oxuyan.az\/xeberler\/category\/tehsil\/\" rel=\"category tag\">T\u0259hsil<\/a>","author_info":{"name":"Famil M\u0259mm\u0259dli","url":"https:\/\/www.oxuyan.az\/xeberler\/author\/famil-mammadli\/"},"comments_num":"0 comments","yoast_head":"<!-- This site is optimized with the Yoast SEO plugin v16.2 - https:\/\/yoast.com\/wordpress\/plugins\/seo\/ -->\n<title>M\u0130Q-l\u0259 ba\u011fl\u0131 s\u0259n\u0259d q\u0259bulu sabah ba\u015fa \u00e7at\u0131r - Oxuyan T\u0259hsil X\u0259b\u0259rl\u0259ri<\/title>\n<meta name=\"description\" content=\"\u0130yunun 11-d\u0259 T\u0259hsil Nazirliyi sistemin\u0259 daxil olan \u00fcmumi t\u0259hsil m\u00fc\u0259ssis\u0259l\u0259rin\u0259 m\u00fc\u0259lliml\u0259rin s\u0259n\u0259d q\u0259bulu prosesi yekunla\u015facaq.\" \/>\n<meta name=\"robots\" content=\"index, follow, max-snippet:-1, max-image-preview:large, max-video-preview:-1\" \/>\n<link rel=\"canonical\" href=\"https:\/\/www.oxuyan.az\/xeberler\/is-sektoru\/miq-le-bagli-sened-qebulu-sabah-basa-catir\/\" \/>\n<meta property=\"og:locale\" content=\"az_AZ\" \/>\n<meta property=\"og:type\" content=\"article\" \/>\n<meta property=\"og:title\" content=\"M\u0130Q-l\u0259 ba\u011fl\u0131 s\u0259n\u0259d q\u0259bulu sabah ba\u015fa \u00e7at\u0131r - Oxuyan T\u0259hsil X\u0259b\u0259rl\u0259ri\" \/>\n<meta property=\"og:description\" content=\"\u0130yunun 11-d\u0259 T\u0259hsil Nazirliyi sistemin\u0259 daxil olan \u00fcmumi t\u0259hsil m\u00fc\u0259ssis\u0259l\u0259rin\u0259 m\u00fc\u0259lliml\u0259rin s\u0259n\u0259d q\u0259bulu prosesi yekunla\u015facaq.\" \/>\n<meta property=\"og:url\" content=\"https:\/\/www.oxuyan.az\/xeberler\/is-sektoru\/miq-le-bagli-sened-qebulu-sabah-basa-catir\/\" \/>\n<meta property=\"og:site_name\" content=\"Oxuyan T\u0259hsil X\u0259b\u0259rl\u0259ri\" \/>\n<meta property=\"article:published_time\" content=\"2021-06-10T15:07:09+00:00\" \/>\n<meta property=\"article:modified_time\" content=\"2021-06-10T15:07:10+00:00\" \/>\n<meta name=\"twitter:card\" content=\"summary_large_image\" \/>\n<meta name=\"twitter:label1\" content=\"Est. reading time\">\n\t<meta name=\"twitter:data1\" content=\"1 minute\">\n<script type=\"application\/ld+json\" class=\"yoast-schema-graph\">{\"@context\":\"https:\/\/schema.org\",\"@graph\":[{\"@type\":\"WebSite\",\"@id\":\"https:\/\/www.oxuyan.az\/xeberler\/#website\",\"url\":\"https:\/\/www.oxuyan.az\/xeberler\/\",\"name\":\"Oxuyan Blog\",\"description\":\"Oxuyan \\u0130mtahan Platformas\\u0131n\\u0131n istifad\\u0259\\u00e7il\\u0259ri \\u00fc\\u00e7\\u00fcn haz\\u0131rlad\\u0131\\u011f\\u0131 m\\u0259qal\\u0259l\\u0259r\",\"potentialAction\":[{\"@type\":\"SearchAction\",\"target\":\"https:\/\/www.oxuyan.az\/xeberler\/?s={search_term_string}\",\"query-input\":\"required name=search_term_string\"}],\"inLanguage\":\"az\"},{\"@type\":\"WebPage\",\"@id\":\"https:\/\/www.oxuyan.az\/xeberler\/is-sektoru\/miq-le-bagli-sened-qebulu-sabah-basa-catir\/#webpage\",\"url\":\"https:\/\/www.oxuyan.az\/xeberler\/is-sektoru\/miq-le-bagli-sened-qebulu-sabah-basa-catir\/\",\"name\":\"M\\u0130Q-l\\u0259 ba\\u011fl\\u0131 s\\u0259n\\u0259d q\\u0259bulu sabah ba\\u015fa \\u00e7at\\u0131r - Oxuyan T\\u0259hsil X\\u0259b\\u0259rl\\u0259ri\",\"isPartOf\":{\"@id\":\"https:\/\/www.oxuyan.az\/xeberler\/#website\"},\"datePublished\":\"2021-06-10T15:07:09+00:00\",\"dateModified\":\"2021-06-10T15:07:10+00:00\",\"author\":{\"@id\":\"https:\/\/www.oxuyan.az\/xeberler\/#\/schema\/person\/8d14cffc92e042d364d7f76bb30c8a90\"},\"description\":\"\\u0130yunun 11-d\\u0259 T\\u0259hsil Nazirliyi sistemin\\u0259 daxil olan \\u00fcmumi t\\u0259hsil m\\u00fc\\u0259ssis\\u0259l\\u0259rin\\u0259 m\\u00fc\\u0259lliml\\u0259rin s\\u0259n\\u0259d q\\u0259bulu prosesi yekunla\\u015facaq.\",\"breadcrumb\":{\"@id\":\"https:\/\/www.oxuyan.az\/xeberler\/is-sektoru\/miq-le-bagli-sened-qebulu-sabah-basa-catir\/#breadcrumb\"},\"inLanguage\":\"az\",\"potentialAction\":[{\"@type\":\"ReadAction\",\"target\":[\"https:\/\/www.oxuyan.az\/xeberler\/is-sektoru\/miq-le-bagli-sened-qebulu-sabah-basa-catir\/\"]}]},{\"@type\":\"BreadcrumbList\",\"@id\":\"https:\/\/www.oxuyan.az\/xeberler\/is-sektoru\/miq-le-bagli-sened-qebulu-sabah-basa-catir\/#breadcrumb\",\"itemListElement\":[{\"@type\":\"ListItem\",\"position\":1,\"item\":{\"@type\":\"WebPage\",\"@id\":\"https:\/\/www.oxuyan.az\/xeberler\/\",\"url\":\"https:\/\/www.oxuyan.az\/xeberler\/\",\"name\":\"Home\"}},{\"@type\":\"ListItem\",\"position\":2,\"item\":{\"@id\":\"https:\/\/www.oxuyan.az\/xeberler\/is-sektoru\/miq-le-bagli-sened-qebulu-sabah-basa-catir\/#webpage\"}}]},{\"@type\":\"Person\",\"@id\":\"https:\/\/www.oxuyan.az\/xeberler\/#\/schema\/person\/8d14cffc92e042d364d7f76bb30c8a90\",\"name\":\"Famil M\\u0259mm\\u0259dli\",\"image\":{\"@type\":\"ImageObject\",\"@id\":\"https:\/\/www.oxuyan.az\/xeberler\/#personlogo\",\"inLanguage\":\"az\",\"url\":\"https:\/\/www.oxuyan.az\/xeberler\/wp-content\/uploads\/2021\/06\/105052425_3156858764399796_2990896561204581615_n-1.jpg\",\"contentUrl\":\"https:\/\/www.oxuyan.az\/xeberler\/wp-content\/uploads\/2021\/06\/105052425_3156858764399796_2990896561204581615_n-1.jpg\",\"caption\":\"Famil M\\u0259mm\\u0259dli\"}}]}<\/script>\n<!-- \/ Yoast SEO plugin. -->","_links":{"self":[{"href":"https:\/\/www.oxuyan.az\/xeberler\/wp-json\/wp\/v2\/posts\/282","targetHints":{"allow":["GET"]}}],"collection":[{"href":"https:\/\/www.oxuyan.az\/xeberler\/wp-json\/wp\/v2\/posts"}],"about":[{"href":"https:\/\/www.oxuyan.az\/xeberler\/wp-json\/wp\/v2\/types\/post"}],"author":[{"embeddable":true,"href":"https:\/\/www.oxuyan.az\/xeberler\/wp-json\/wp\/v2\/users\/6"}],"replies":[{"embeddable":true,"href":"https:\/\/www.oxuyan.az\/xeberler\/wp-json\/wp\/v2\/comments?post=282"}],"version-history":[{"count":2,"href":"https:\/\/www.oxuyan.az\/xeberler\/wp-json\/wp\/v2\/posts\/282\/revisions"}],"predecessor-version":[{"id":284,"href":"https:\/\/www.oxuyan.az\/xeberler\/wp-json\/wp\/v2\/posts\/282\/revisions\/284"}],"wp:attachment":[{"href":"https:\/\/www.oxuyan.az\/xeberler\/wp-json\/wp\/v2\/media?parent=282"}],"wp:term":[{"taxonomy":"category","embeddable":true,"href":"https:\/\/www.oxuyan.az\/xeberler\/wp-json\/wp\/v2\/categories?post=282"},{"taxonomy":"post_tag","embeddable":true,"href":"https:\/\/www.oxuyan.az\/xeberler\/wp-json\/wp\/v2\/tags?post=282"}],"curies":[{"name":"wp","href":"https:\/\/api.w.org\/{rel}","templated":true}]}}