{"id":262,"date":"2021-06-08T20:15:09","date_gmt":"2021-06-08T16:15:09","guid":{"rendered":"https:\/\/www.oxuyan.az\/xeberler\/?p=262"},"modified":"2021-06-08T20:15:10","modified_gmt":"2021-06-08T16:15:10","slug":"muellimlerin-ise-qebul-uzre-sened-qebulu-davam-edir","status":"publish","type":"post","link":"https:\/\/www.oxuyan.az\/xeberler\/karyera\/muellimlerin-ise-qebul-uzre-sened-qebulu-davam-edir\/","title":{"rendered":"M\u00fc\u0259lliml\u0259rin i\u015f\u0259 q\u0259bul \u00fczr\u0259 s\u0259n\u0259d q\u0259bulu davam edir"},"content":{"rendered":"\n<p>T\u0259hsil Nazirliyi sistemin\u0259 daxil olan \u00fcmumi t\u0259hsil m\u00fc\u0259ssis\u0259l\u0259rin\u0259 m\u00fc\u0259lliml\u0259rin i\u015f\u0259 q\u0259bul \u00fczr\u0259 elektron s\u0259n\u0259d q\u0259bulu\u00a0davam edir. Namiz\u0259dl\u0259r 11 iyun saat 23:59-d\u0259k\u00a0<a href=\"http:\/\/miq.edu.az\/\" target=\"_blank\" rel=\"noreferrer noopener\">miq.edu.az<\/a>\u00a0sayt\u0131na daxil olaraq qeydiyyatdan ke\u00e7\u0259 bil\u0259rl\u0259r.<\/p>\n\n\n\n<p>M\u00fcsabiq\u0259d\u0259 ali v\u0259 orta ixtisas t\u0259hsili m\u00fc\u0259ssis\u0259l\u0259rini pedaqoji ixtisaslar \u00fczr\u0259 bitirmi\u015f, d\u00f6vl\u0259t n\u00fcmun\u0259li t\u0259hsil s\u0259n\u0259di (diplom) alm\u0131\u015f v\u0259 ya xarici \u00f6lk\u0259d\u0259 ald\u0131\u011f\u0131 ali t\u0259hsil haqq\u0131nda s\u0259n\u0259di tan\u0131nm\u0131\u015f Az\u0259rbaycan Respublikas\u0131n\u0131n v\u0259t\u0259nda\u015flar\u0131 v\u0259 ya Az\u0259rbaycan\u00a0\u00a0Respublikas\u0131nda daimi ya\u015famaq \u00fc\u00e7\u00fcn icaz\u0259 verilmi\u015f \u015f\u0259xsl\u0259r i\u015ftirak ed\u0259 bil\u0259rl\u0259r. Eyni zamanda, m\u00fcsabiq\u0259d\u0259 orta ixtisas v\u0259 ali t\u0259hsil m\u00fc\u0259ssis\u0259l\u0259rind\u0259 pedaqoji ixtisaslar \u00fczr\u0259 t\u0259hsil alan sonuncu kurs t\u0259l\u0259b\u0259l\u0259ri i\u015ftirak ed\u0259 bil\u0259rl\u0259r. Bunun \u00fc\u00e7\u00fcn namiz\u0259dl\u0259r elektron \u0259riz\u0259l\u0259rind\u0259 \u201cT\u0259hsil haqq\u0131nda s\u0259n\u0259din n\u00fcmun\u0259si\u201d b\u00f6lm\u0259sin\u0259 \u201cAray\u0131\u015f\u201d s\u00f6z\u00fcn\u00fc yazmaqla qeydiyyatdan ke\u00e7\u0259 bil\u0259rl\u0259r. \u0130\u015f\u0259 q\u0259bul m\u00fcsabiq\u0259sinin n\u00f6vb\u0259ti m\u0259rh\u0259l\u0259l\u0259rind\u0259 h\u0259min namiz\u0259dl\u0259rd\u0259n m\u00fcvafiq t\u0259hsil haqq\u0131nda s\u0259n\u0259d t\u0259l\u0259b olunacaq.\u00a0<\/p>\n\n\n\n<p>\u018fg\u0259r siz d\u0259 t\u0259hsill\u0259 ba\u011fl\u0131 \u0259n son yenilikl\u0259rd\u0259n x\u0259b\u0259rdar olmaq ist\u0259yirsinizs\u0259,\u00a0<a href=\"https:\/\/www.oxuyan.az\/xeberler\/\">Oxuyan platformas\u0131nda t\u0259hsil x\u0259b\u0259rl\u0259ri<\/a>\u00a0b\u00f6lm\u0259sini izl\u0259m\u0259yi unutmay\u0131n.<\/p>\n<div class=\"pvc_clear\"><\/div><p class=\"pvc_stats total_only \" data-element-id=\"262\" style=\"\"><i class=\"pvc-stats-icon medium\" aria-hidden=\"true\"><svg aria-hidden=\"true\" focusable=\"false\" data-prefix=\"far\" data-icon=\"chart-bar\" role=\"img\" xmlns=\"http:\/\/www.w3.org\/2000\/svg\" viewBox=\"0 0 512 512\" class=\"svg-inline--fa fa-chart-bar fa-w-16 fa-2x\"><path fill=\"currentColor\" d=\"M396.8 352h22.4c6.4 0 12.8-6.4 12.8-12.8V108.8c0-6.4-6.4-12.8-12.8-12.8h-22.4c-6.4 0-12.8 6.4-12.8 12.8v230.4c0 6.4 6.4 12.8 12.8 12.8zm-192 0h22.4c6.4 0 12.8-6.4 12.8-12.8V140.8c0-6.4-6.4-12.8-12.8-12.8h-22.4c-6.4 0-12.8 6.4-12.8 12.8v198.4c0 6.4 6.4 12.8 12.8 12.8zm96 0h22.4c6.4 0 12.8-6.4 12.8-12.8V204.8c0-6.4-6.4-12.8-12.8-12.8h-22.4c-6.4 0-12.8 6.4-12.8 12.8v134.4c0 6.4 6.4 12.8 12.8 12.8zM496 400H48V80c0-8.84-7.16-16-16-16H16C7.16 64 0 71.16 0 80v336c0 17.67 14.33 32 32 32h464c8.84 0 16-7.16 16-16v-16c0-8.84-7.16-16-16-16zm-387.2-48h22.4c6.4 0 12.8-6.4 12.8-12.8v-70.4c0-6.4-6.4-12.8-12.8-12.8h-22.4c-6.4 0-12.8 6.4-12.8 12.8v70.4c0 6.4 6.4 12.8 12.8 12.8z\" class=\"\"><\/path><\/svg><\/i> &nbsp;1,066&nbsp;total views<\/p><div class=\"pvc_clear\"><\/div>","protected":false},"excerpt":{"rendered":"<p>T\u0259hsil Nazirliyi sistemin\u0259 daxil olan \u00fcmumi t\u0259hsil m\u00fc\u0259ssis\u0259l\u0259rin\u0259 m\u00fc\u0259lliml\u0259rin i\u015f\u0259 q\u0259bul \u00fczr\u0259 elektron s\u0259n\u0259d q\u0259bulu\u00a0davam edir. Namiz\u0259dl\u0259r 11 iyun saat 23:59-d\u0259k\u00a0miq.edu.az\u00a0sayt\u0131na daxil olaraq qeydiyyatdan ke\u00e7\u0259 bil\u0259rl\u0259r. M\u00fcsabiq\u0259d\u0259 ali v\u0259 orta ixtisas t\u0259hsili m\u00fc\u0259ssis\u0259l\u0259rini pedaqoji ixtisaslar \u00fczr\u0259 bitirmi\u015f, d\u00f6vl\u0259t n\u00fcmun\u0259li t\u0259hsil s\u0259n\u0259di (diplom) alm\u0131\u015f v\u0259 ya xarici \u00f6lk\u0259d\u0259 ald\u0131\u011f\u0131 ali t\u0259hsil haqq\u0131nda s\u0259n\u0259di tan\u0131nm\u0131\u015f Az\u0259rbaycan Respublikas\u0131n\u0131n v\u0259t\u0259nda\u015flar\u0131 v\u0259 ya Az\u0259rbaycan\u00a0\u00a0Respublikas\u0131nda daimi ya\u015famaq \u00fc\u00e7\u00fcn icaz\u0259 verilmi\u015f \u015f\u0259xsl\u0259r i\u015ftirak ed\u0259 bil\u0259rl\u0259r. Eyni zamanda, m\u00fcsabiq\u0259d\u0259 orta ixtisas v\u0259 ali t\u0259hsil m\u00fc\u0259ssis\u0259l\u0259rind\u0259 pedaqoji ixtisaslar \u00fczr\u0259 t\u0259hsil alan sonuncu kurs t\u0259l\u0259b\u0259l\u0259ri i\u015ftirak ed\u0259 bil\u0259rl\u0259r. Bunun \u00fc\u00e7\u00fcn namiz\u0259dl\u0259r elektron \u0259riz\u0259l\u0259rind\u0259 \u201cT\u0259hsil haqq\u0131nda s\u0259n\u0259din n\u00fcmun\u0259si\u201d b\u00f6lm\u0259sin\u0259 \u201cAray\u0131\u015f\u201d s\u00f6z\u00fcn\u00fc\u2026<\/p>\n<div class=\"pvc_clear\"><\/div>\n<p class=\"pvc_stats total_only \" data-element-id=\"262\" style=\"\"><i class=\"pvc-stats-icon medium\" aria-hidden=\"true\"><svg aria-hidden=\"true\" focusable=\"false\" data-prefix=\"far\" data-icon=\"chart-bar\" role=\"img\" xmlns=\"http:\/\/www.w3.org\/2000\/svg\" viewBox=\"0 0 512 512\" class=\"svg-inline--fa fa-chart-bar fa-w-16 fa-2x\"><path fill=\"currentColor\" d=\"M396.8 352h22.4c6.4 0 12.8-6.4 12.8-12.8V108.8c0-6.4-6.4-12.8-12.8-12.8h-22.4c-6.4 0-12.8 6.4-12.8 12.8v230.4c0 6.4 6.4 12.8 12.8 12.8zm-192 0h22.4c6.4 0 12.8-6.4 12.8-12.8V140.8c0-6.4-6.4-12.8-12.8-12.8h-22.4c-6.4 0-12.8 6.4-12.8 12.8v198.4c0 6.4 6.4 12.8 12.8 12.8zm96 0h22.4c6.4 0 12.8-6.4 12.8-12.8V204.8c0-6.4-6.4-12.8-12.8-12.8h-22.4c-6.4 0-12.8 6.4-12.8 12.8v134.4c0 6.4 6.4 12.8 12.8 12.8zM496 400H48V80c0-8.84-7.16-16-16-16H16C7.16 64 0 71.16 0 80v336c0 17.67 14.33 32 32 32h464c8.84 0 16-7.16 16-16v-16c0-8.84-7.16-16-16-16zm-387.2-48h22.4c6.4 0 12.8-6.4 12.8-12.8v-70.4c0-6.4-6.4-12.8-12.8-12.8h-22.4c-6.4 0-12.8 6.4-12.8 12.8v70.4c0 6.4 6.4 12.8 12.8 12.8z\" class=\"\"><\/path><\/svg><\/i> &nbsp;1,066&nbsp;total views<\/p>\n<div class=\"pvc_clear\"><\/div>\n","protected":false},"author":6,"featured_media":0,"comment_status":"open","ping_status":"open","sticky":false,"template":"","format":"standard","meta":{"footnotes":""},"categories":[22,18,17],"tags":[],"class_list":["post-262","post","type-post","status-publish","format-standard","hentry","category-elm","category-is-sektoru","category-karyera"],"blocksy_meta":{"styles_descriptor":{"styles":{"desktop":"","tablet":"","mobile":""},"google_fonts":[]}},"featured_image_urls":{"full":"","thumbnail":"","medium":"","medium_large":"","large":"","1536x1536":"","2048x2048":""},"post_excerpt_stackable":"<p>T\u0259hsil Nazirliyi sistemin\u0259 daxil olan \u00fcmumi t\u0259hsil m\u00fc\u0259ssis\u0259l\u0259rin\u0259 m\u00fc\u0259lliml\u0259rin i\u015f\u0259 q\u0259bul \u00fczr\u0259 elektron s\u0259n\u0259d q\u0259bulu\u00a0davam edir. Namiz\u0259dl\u0259r 11 iyun saat 23:59-d\u0259k\u00a0miq.edu.az\u00a0sayt\u0131na daxil olaraq qeydiyyatdan ke\u00e7\u0259 bil\u0259rl\u0259r. M\u00fcsabiq\u0259d\u0259 ali v\u0259 orta ixtisas t\u0259hsili m\u00fc\u0259ssis\u0259l\u0259rini pedaqoji ixtisaslar \u00fczr\u0259 bitirmi\u015f, d\u00f6vl\u0259t n\u00fcmun\u0259li t\u0259hsil s\u0259n\u0259di (diplom) alm\u0131\u015f v\u0259 ya xarici \u00f6lk\u0259d\u0259 ald\u0131\u011f\u0131 ali t\u0259hsil haqq\u0131nda s\u0259n\u0259di tan\u0131nm\u0131\u015f Az\u0259rbaycan Respublikas\u0131n\u0131n v\u0259t\u0259nda\u015flar\u0131 v\u0259 ya Az\u0259rbaycan\u00a0\u00a0Respublikas\u0131nda daimi ya\u015famaq \u00fc\u00e7\u00fcn icaz\u0259 verilmi\u015f \u015f\u0259xsl\u0259r i\u015ftirak ed\u0259 bil\u0259rl\u0259r. Eyni zamanda, m\u00fcsabiq\u0259d\u0259 orta ixtisas v\u0259 ali t\u0259hsil m\u00fc\u0259ssis\u0259l\u0259rind\u0259 pedaqoji ixtisaslar \u00fczr\u0259 t\u0259hsil alan sonuncu kurs t\u0259l\u0259b\u0259l\u0259ri i\u015ftirak ed\u0259 bil\u0259rl\u0259r. Bunun \u00fc\u00e7\u00fcn namiz\u0259dl\u0259r elektron \u0259riz\u0259l\u0259rind\u0259 \u201cT\u0259hsil haqq\u0131nda s\u0259n\u0259din n\u00fcmun\u0259si\u201d b\u00f6lm\u0259sin\u0259 \u201cAray\u0131\u015f\u201d s\u00f6z\u00fcn\u00fc&hellip;<\/p>\n<div class=\"pvc_clear\"><\/div>\n<p class=\"pvc_stats total_only \" data-element-id=\"262\" style=\"\"><i class=\"pvc-stats-icon medium\" aria-hidden=\"true\"><svg aria-hidden=\"true\" focusable=\"false\" data-prefix=\"far\" data-icon=\"chart-bar\" role=\"img\" xmlns=\"http:\/\/www.w3.org\/2000\/svg\" viewBox=\"0 0 512 512\" class=\"svg-inline--fa fa-chart-bar fa-w-16 fa-2x\"><path fill=\"currentColor\" d=\"M396.8 352h22.4c6.4 0 12.8-6.4 12.8-12.8V108.8c0-6.4-6.4-12.8-12.8-12.8h-22.4c-6.4 0-12.8 6.4-12.8 12.8v230.4c0 6.4 6.4 12.8 12.8 12.8zm-192 0h22.4c6.4 0 12.8-6.4 12.8-12.8V140.8c0-6.4-6.4-12.8-12.8-12.8h-22.4c-6.4 0-12.8 6.4-12.8 12.8v198.4c0 6.4 6.4 12.8 12.8 12.8zm96 0h22.4c6.4 0 12.8-6.4 12.8-12.8V204.8c0-6.4-6.4-12.8-12.8-12.8h-22.4c-6.4 0-12.8 6.4-12.8 12.8v134.4c0 6.4 6.4 12.8 12.8 12.8zM496 400H48V80c0-8.84-7.16-16-16-16H16C7.16 64 0 71.16 0 80v336c0 17.67 14.33 32 32 32h464c8.84 0 16-7.16 16-16v-16c0-8.84-7.16-16-16-16zm-387.2-48h22.4c6.4 0 12.8-6.4 12.8-12.8v-70.4c0-6.4-6.4-12.8-12.8-12.8h-22.4c-6.4 0-12.8 6.4-12.8 12.8v70.4c0 6.4 6.4 12.8 12.8 12.8z\" class=\"\"><\/path><\/svg><\/i> &nbsp;1,066&nbsp;total views<\/p>\n<div class=\"pvc_clear\"><\/div>\n","category_list":"<a href=\"https:\/\/www.oxuyan.az\/xeberler\/category\/elm\/\" rel=\"category tag\">Elm<\/a>, <a href=\"https:\/\/www.oxuyan.az\/xeberler\/category\/is-sektoru\/\" rel=\"category tag\">\u0130\u015f sektoru<\/a>, <a href=\"https:\/\/www.oxuyan.az\/xeberler\/category\/karyera\/\" rel=\"category tag\">Karyera<\/a>","author_info":{"name":"Famil M\u0259mm\u0259dli","url":"https:\/\/www.oxuyan.az\/xeberler\/author\/famil-mammadli\/"},"comments_num":"0 comments","yoast_head":"<!-- This site is optimized with the Yoast SEO plugin v16.2 - https:\/\/yoast.com\/wordpress\/plugins\/seo\/ -->\n<title>M\u00fc\u0259lliml\u0259rin i\u015f\u0259 q\u0259bul \u00fczr\u0259 s\u0259n\u0259d q\u0259bulu davam edir<\/title>\n<meta name=\"description\" content=\"T\u0259hsil Nazirliyi sistemin\u0259 daxil olan \u00fcmumi t\u0259hsil m\u00fc\u0259ssis\u0259l\u0259rin\u0259 m\u00fc\u0259lliml\u0259rin i\u015f\u0259 q\u0259bul \u00fczr\u0259 elektron s\u0259n\u0259d q\u0259bulu davam edir.\" \/>\n<meta name=\"robots\" content=\"index, follow, max-snippet:-1, max-image-preview:large, max-video-preview:-1\" \/>\n<link rel=\"canonical\" href=\"https:\/\/www.oxuyan.az\/xeberler\/karyera\/muellimlerin-ise-qebul-uzre-sened-qebulu-davam-edir\/\" \/>\n<meta property=\"og:locale\" content=\"az_AZ\" \/>\n<meta property=\"og:type\" content=\"article\" \/>\n<meta property=\"og:title\" content=\"M\u00fc\u0259lliml\u0259rin i\u015f\u0259 q\u0259bul \u00fczr\u0259 s\u0259n\u0259d q\u0259bulu davam edir\" \/>\n<meta property=\"og:description\" content=\"T\u0259hsil Nazirliyi sistemin\u0259 daxil olan \u00fcmumi t\u0259hsil m\u00fc\u0259ssis\u0259l\u0259rin\u0259 m\u00fc\u0259lliml\u0259rin i\u015f\u0259 q\u0259bul \u00fczr\u0259 elektron s\u0259n\u0259d q\u0259bulu davam edir.\" \/>\n<meta property=\"og:url\" content=\"https:\/\/www.oxuyan.az\/xeberler\/karyera\/muellimlerin-ise-qebul-uzre-sened-qebulu-davam-edir\/\" \/>\n<meta property=\"og:site_name\" content=\"Oxuyan T\u0259hsil X\u0259b\u0259rl\u0259ri\" \/>\n<meta property=\"article:published_time\" content=\"2021-06-08T16:15:09+00:00\" \/>\n<meta property=\"article:modified_time\" content=\"2021-06-08T16:15:10+00:00\" \/>\n<meta name=\"twitter:card\" content=\"summary_large_image\" \/>\n<meta name=\"twitter:label1\" content=\"Est. reading time\">\n\t<meta name=\"twitter:data1\" content=\"1 minute\">\n<script type=\"application\/ld+json\" class=\"yoast-schema-graph\">{\"@context\":\"https:\/\/schema.org\",\"@graph\":[{\"@type\":\"WebSite\",\"@id\":\"https:\/\/www.oxuyan.az\/xeberler\/#website\",\"url\":\"https:\/\/www.oxuyan.az\/xeberler\/\",\"name\":\"Oxuyan Blog\",\"description\":\"Oxuyan \\u0130mtahan Platformas\\u0131n\\u0131n istifad\\u0259\\u00e7il\\u0259ri \\u00fc\\u00e7\\u00fcn haz\\u0131rlad\\u0131\\u011f\\u0131 m\\u0259qal\\u0259l\\u0259r\",\"potentialAction\":[{\"@type\":\"SearchAction\",\"target\":\"https:\/\/www.oxuyan.az\/xeberler\/?s={search_term_string}\",\"query-input\":\"required name=search_term_string\"}],\"inLanguage\":\"az\"},{\"@type\":\"WebPage\",\"@id\":\"https:\/\/www.oxuyan.az\/xeberler\/karyera\/muellimlerin-ise-qebul-uzre-sened-qebulu-davam-edir\/#webpage\",\"url\":\"https:\/\/www.oxuyan.az\/xeberler\/karyera\/muellimlerin-ise-qebul-uzre-sened-qebulu-davam-edir\/\",\"name\":\"M\\u00fc\\u0259lliml\\u0259rin i\\u015f\\u0259 q\\u0259bul \\u00fczr\\u0259 s\\u0259n\\u0259d q\\u0259bulu davam edir\",\"isPartOf\":{\"@id\":\"https:\/\/www.oxuyan.az\/xeberler\/#website\"},\"datePublished\":\"2021-06-08T16:15:09+00:00\",\"dateModified\":\"2021-06-08T16:15:10+00:00\",\"author\":{\"@id\":\"https:\/\/www.oxuyan.az\/xeberler\/#\/schema\/person\/8d14cffc92e042d364d7f76bb30c8a90\"},\"description\":\"T\\u0259hsil Nazirliyi sistemin\\u0259 daxil olan \\u00fcmumi t\\u0259hsil m\\u00fc\\u0259ssis\\u0259l\\u0259rin\\u0259 m\\u00fc\\u0259lliml\\u0259rin i\\u015f\\u0259 q\\u0259bul \\u00fczr\\u0259 elektron s\\u0259n\\u0259d q\\u0259bulu davam edir.\",\"breadcrumb\":{\"@id\":\"https:\/\/www.oxuyan.az\/xeberler\/karyera\/muellimlerin-ise-qebul-uzre-sened-qebulu-davam-edir\/#breadcrumb\"},\"inLanguage\":\"az\",\"potentialAction\":[{\"@type\":\"ReadAction\",\"target\":[\"https:\/\/www.oxuyan.az\/xeberler\/karyera\/muellimlerin-ise-qebul-uzre-sened-qebulu-davam-edir\/\"]}]},{\"@type\":\"BreadcrumbList\",\"@id\":\"https:\/\/www.oxuyan.az\/xeberler\/karyera\/muellimlerin-ise-qebul-uzre-sened-qebulu-davam-edir\/#breadcrumb\",\"itemListElement\":[{\"@type\":\"ListItem\",\"position\":1,\"item\":{\"@type\":\"WebPage\",\"@id\":\"https:\/\/www.oxuyan.az\/xeberler\/\",\"url\":\"https:\/\/www.oxuyan.az\/xeberler\/\",\"name\":\"Home\"}},{\"@type\":\"ListItem\",\"position\":2,\"item\":{\"@id\":\"https:\/\/www.oxuyan.az\/xeberler\/karyera\/muellimlerin-ise-qebul-uzre-sened-qebulu-davam-edir\/#webpage\"}}]},{\"@type\":\"Person\",\"@id\":\"https:\/\/www.oxuyan.az\/xeberler\/#\/schema\/person\/8d14cffc92e042d364d7f76bb30c8a90\",\"name\":\"Famil M\\u0259mm\\u0259dli\",\"image\":{\"@type\":\"ImageObject\",\"@id\":\"https:\/\/www.oxuyan.az\/xeberler\/#personlogo\",\"inLanguage\":\"az\",\"url\":\"https:\/\/www.oxuyan.az\/xeberler\/wp-content\/uploads\/2021\/06\/105052425_3156858764399796_2990896561204581615_n-1.jpg\",\"contentUrl\":\"https:\/\/www.oxuyan.az\/xeberler\/wp-content\/uploads\/2021\/06\/105052425_3156858764399796_2990896561204581615_n-1.jpg\",\"caption\":\"Famil M\\u0259mm\\u0259dli\"}}]}<\/script>\n<!-- \/ Yoast SEO plugin. -->","_links":{"self":[{"href":"https:\/\/www.oxuyan.az\/xeberler\/wp-json\/wp\/v2\/posts\/262","targetHints":{"allow":["GET"]}}],"collection":[{"href":"https:\/\/www.oxuyan.az\/xeberler\/wp-json\/wp\/v2\/posts"}],"about":[{"href":"https:\/\/www.oxuyan.az\/xeberler\/wp-json\/wp\/v2\/types\/post"}],"author":[{"embeddable":true,"href":"https:\/\/www.oxuyan.az\/xeberler\/wp-json\/wp\/v2\/users\/6"}],"replies":[{"embeddable":true,"href":"https:\/\/www.oxuyan.az\/xeberler\/wp-json\/wp\/v2\/comments?post=262"}],"version-history":[{"count":3,"href":"https:\/\/www.oxuyan.az\/xeberler\/wp-json\/wp\/v2\/posts\/262\/revisions"}],"predecessor-version":[{"id":265,"href":"https:\/\/www.oxuyan.az\/xeberler\/wp-json\/wp\/v2\/posts\/262\/revisions\/265"}],"wp:attachment":[{"href":"https:\/\/www.oxuyan.az\/xeberler\/wp-json\/wp\/v2\/media?parent=262"}],"wp:term":[{"taxonomy":"category","embeddable":true,"href":"https:\/\/www.oxuyan.az\/xeberler\/wp-json\/wp\/v2\/categories?post=262"},{"taxonomy":"post_tag","embeddable":true,"href":"https:\/\/www.oxuyan.az\/xeberler\/wp-json\/wp\/v2\/tags?post=262"}],"curies":[{"name":"wp","href":"https:\/\/api.w.org\/{rel}","templated":true}]}}