{"id":260,"date":"2021-06-08T19:55:38","date_gmt":"2021-06-08T15:55:38","guid":{"rendered":"https:\/\/www.oxuyan.az\/xeberler\/?p=260"},"modified":"2021-06-08T19:55:40","modified_gmt":"2021-06-08T15:55:40","slug":"yay-mektebine-qeydiyyat-baslayib","status":"publish","type":"post","link":"https:\/\/www.oxuyan.az\/xeberler\/tehsil\/yay-mektebine-qeydiyyat-baslayib\/","title":{"rendered":"\u201cYay m\u0259kt\u0259bi\u201dn\u0259 qeydiyyat ba\u015flay\u0131b"},"content":{"rendered":"\n<p>8 iyun tarixind\u0259n \u00fcmumi t\u0259hsil m\u00fc\u0259ssis\u0259l\u0259rind\u0259 \u201cYay m\u0259kt\u0259bi\u201dn\u0259 qeydiyyat prosesin\u0259 start verilib.<\/p>\n\n\n\n<p>\u00dcmumi t\u0259hsil m\u00fc\u0259ssis\u0259l\u0259rind\u0259 t\u0259\u015fkil olunacaq yay m\u0259kt\u0259bl\u0259rind\u0259 i\u015ftirak etm\u0259k ist\u0259y\u0259n t\u0259hsil alanlar\u0131n valideynl\u0259ri qeyd edil\u0259n tarixd\u0259n ba\u015flayaraq \u0259riz\u0259 il\u0259 \u00fcmumi t\u0259hsil m\u00fc\u0259ssis\u0259sinin r\u0259hb\u0259rliyin\u0259 <a href=\"https:\/\/edu.gov.az\/az\">m\u00fcraci\u0259t ed\u0259 bil\u0259rl\u0259r<\/a>.<\/p>\n\n\n\n<p>\u201cYay m\u0259kt\u0259bi\u201dnd\u0259 b\u00fct\u00fcn \u00fcmumi t\u0259hsil m\u00fc\u0259ssis\u0259l\u0259rinin I-X sinif \u015fagirdl\u0259ri \u00f6d\u0259ni\u015fsiz v\u0259&nbsp; k\u00f6n\u00fcll\u00fc \u0259saslarla i\u015ftirak ed\u0259 bil\u0259rl\u0259r.<\/p>\n\n\n\n<p>I-IV sinifl\u0259rd\u0259 t\u0259dris h\u0259ft\u0259d\u0259 5 d\u0259f\u0259 g\u00fcnd\u0259lik 4 saat olmaqla, V-X sinifl\u0259rd\u0259 is\u0259 h\u0259ft\u0259d\u0259 5 d\u0259f\u0259 g\u00fcnd\u0259lik 3-4 saat olmaqla t\u0259\u015fkil olunacaq. I-IV sinifl\u0259rd\u0259 m\u0259\u015f\u011f\u0259l\u0259l\u0259r t\u0259dris dili, riyaziyyat, xarici dil f\u0259nl\u0259ri \u00fczr\u0259 ke\u00e7iril\u0259c\u0259k. V-X sinifl\u0259rd\u0259 m\u0259\u015f\u011f\u0259l\u0259l\u0259r t\u0259dris dili, riyaziyyat, xarici dil f\u0259nl\u0259ri v\u0259 \u00fcmumi t\u0259hsil m\u00fc\u0259ssis\u0259sinin r\u0259hb\u0259rliyinin q\u0259rar\u0131 il\u0259 dig\u0259r 3 f\u0259nn\u0259 veril\u0259c\u0259k.<\/p>\n\n\n\n<p>Qeyd ed\u0259k ki, \u201cYay m\u0259kt\u0259bi\u201d \u015fagirdl\u0259rin z\u0259ruri bilik v\u0259 bacar\u0131qlar\u0131n\u0131n m\u00f6hk\u0259ml\u0259ndirilm\u0259si, \u00f6yr\u0259nil\u0259nl\u0259rin \u00fcmumil\u0259\u015fdirilm\u0259si m\u0259qs\u0259dil\u0259 t\u0259\u015fkil edilir. \u201cYay m\u0259kt\u0259bi\u201d iyunun 16-dan 30-d\u0259k davam ed\u0259c\u0259k.<\/p>\n\n\n\n<p>\u018fg\u0259r siz d\u0259 t\u0259hsill\u0259 ba\u011fl\u0131 \u0259n son yenilikl\u0259rd\u0259n x\u0259b\u0259rdar olmaq ist\u0259yirsinizs\u0259,\u00a0<a href=\"https:\/\/www.oxuyan.az\/xeberler\/\">Oxuyan platformas\u0131nda t\u0259hsil x\u0259b\u0259rl\u0259ri<\/a>\u00a0b\u00f6lm\u0259sini izl\u0259m\u0259yi unutmay\u0131n.<\/p>\n<div class=\"pvc_clear\"><\/div><p class=\"pvc_stats total_only \" data-element-id=\"260\" style=\"\"><i class=\"pvc-stats-icon medium\" aria-hidden=\"true\"><svg aria-hidden=\"true\" focusable=\"false\" data-prefix=\"far\" data-icon=\"chart-bar\" role=\"img\" xmlns=\"http:\/\/www.w3.org\/2000\/svg\" viewBox=\"0 0 512 512\" class=\"svg-inline--fa fa-chart-bar fa-w-16 fa-2x\"><path fill=\"currentColor\" d=\"M396.8 352h22.4c6.4 0 12.8-6.4 12.8-12.8V108.8c0-6.4-6.4-12.8-12.8-12.8h-22.4c-6.4 0-12.8 6.4-12.8 12.8v230.4c0 6.4 6.4 12.8 12.8 12.8zm-192 0h22.4c6.4 0 12.8-6.4 12.8-12.8V140.8c0-6.4-6.4-12.8-12.8-12.8h-22.4c-6.4 0-12.8 6.4-12.8 12.8v198.4c0 6.4 6.4 12.8 12.8 12.8zm96 0h22.4c6.4 0 12.8-6.4 12.8-12.8V204.8c0-6.4-6.4-12.8-12.8-12.8h-22.4c-6.4 0-12.8 6.4-12.8 12.8v134.4c0 6.4 6.4 12.8 12.8 12.8zM496 400H48V80c0-8.84-7.16-16-16-16H16C7.16 64 0 71.16 0 80v336c0 17.67 14.33 32 32 32h464c8.84 0 16-7.16 16-16v-16c0-8.84-7.16-16-16-16zm-387.2-48h22.4c6.4 0 12.8-6.4 12.8-12.8v-70.4c0-6.4-6.4-12.8-12.8-12.8h-22.4c-6.4 0-12.8 6.4-12.8 12.8v70.4c0 6.4 6.4 12.8 12.8 12.8z\" class=\"\"><\/path><\/svg><\/i> &nbsp;947&nbsp;total views<\/p><div class=\"pvc_clear\"><\/div>","protected":false},"excerpt":{"rendered":"<p>8 iyun tarixind\u0259n \u00fcmumi t\u0259hsil m\u00fc\u0259ssis\u0259l\u0259rind\u0259 \u201cYay m\u0259kt\u0259bi\u201dn\u0259 qeydiyyat prosesin\u0259 start verilib. \u00dcmumi t\u0259hsil m\u00fc\u0259ssis\u0259l\u0259rind\u0259 t\u0259\u015fkil olunacaq yay m\u0259kt\u0259bl\u0259rind\u0259 i\u015ftirak etm\u0259k ist\u0259y\u0259n t\u0259hsil alanlar\u0131n valideynl\u0259ri qeyd edil\u0259n tarixd\u0259n ba\u015flayaraq \u0259riz\u0259 il\u0259 \u00fcmumi t\u0259hsil m\u00fc\u0259ssis\u0259sinin r\u0259hb\u0259rliyin\u0259 m\u00fcraci\u0259t ed\u0259 bil\u0259rl\u0259r. \u201cYay m\u0259kt\u0259bi\u201dnd\u0259 b\u00fct\u00fcn \u00fcmumi t\u0259hsil m\u00fc\u0259ssis\u0259l\u0259rinin I-X sinif \u015fagirdl\u0259ri \u00f6d\u0259ni\u015fsiz v\u0259&nbsp; k\u00f6n\u00fcll\u00fc \u0259saslarla i\u015ftirak ed\u0259 bil\u0259rl\u0259r. I-IV sinifl\u0259rd\u0259 t\u0259dris h\u0259ft\u0259d\u0259 5 d\u0259f\u0259 g\u00fcnd\u0259lik 4 saat olmaqla, V-X sinifl\u0259rd\u0259 is\u0259 h\u0259ft\u0259d\u0259 5 d\u0259f\u0259 g\u00fcnd\u0259lik 3-4 saat olmaqla t\u0259\u015fkil olunacaq. I-IV sinifl\u0259rd\u0259 m\u0259\u015f\u011f\u0259l\u0259l\u0259r t\u0259dris dili, riyaziyyat, xarici dil f\u0259nl\u0259ri \u00fczr\u0259 ke\u00e7iril\u0259c\u0259k. V-X sinifl\u0259rd\u0259 m\u0259\u015f\u011f\u0259l\u0259l\u0259r t\u0259dris dili, riyaziyyat, xarici dil f\u0259nl\u0259ri v\u0259 \u00fcmumi t\u0259hsil m\u00fc\u0259ssis\u0259sinin\u2026<\/p>\n<div class=\"pvc_clear\"><\/div>\n<p class=\"pvc_stats total_only \" data-element-id=\"260\" style=\"\"><i class=\"pvc-stats-icon medium\" aria-hidden=\"true\"><svg aria-hidden=\"true\" focusable=\"false\" data-prefix=\"far\" data-icon=\"chart-bar\" role=\"img\" xmlns=\"http:\/\/www.w3.org\/2000\/svg\" viewBox=\"0 0 512 512\" class=\"svg-inline--fa fa-chart-bar fa-w-16 fa-2x\"><path fill=\"currentColor\" d=\"M396.8 352h22.4c6.4 0 12.8-6.4 12.8-12.8V108.8c0-6.4-6.4-12.8-12.8-12.8h-22.4c-6.4 0-12.8 6.4-12.8 12.8v230.4c0 6.4 6.4 12.8 12.8 12.8zm-192 0h22.4c6.4 0 12.8-6.4 12.8-12.8V140.8c0-6.4-6.4-12.8-12.8-12.8h-22.4c-6.4 0-12.8 6.4-12.8 12.8v198.4c0 6.4 6.4 12.8 12.8 12.8zm96 0h22.4c6.4 0 12.8-6.4 12.8-12.8V204.8c0-6.4-6.4-12.8-12.8-12.8h-22.4c-6.4 0-12.8 6.4-12.8 12.8v134.4c0 6.4 6.4 12.8 12.8 12.8zM496 400H48V80c0-8.84-7.16-16-16-16H16C7.16 64 0 71.16 0 80v336c0 17.67 14.33 32 32 32h464c8.84 0 16-7.16 16-16v-16c0-8.84-7.16-16-16-16zm-387.2-48h22.4c6.4 0 12.8-6.4 12.8-12.8v-70.4c0-6.4-6.4-12.8-12.8-12.8h-22.4c-6.4 0-12.8 6.4-12.8 12.8v70.4c0 6.4 6.4 12.8 12.8 12.8z\" class=\"\"><\/path><\/svg><\/i> &nbsp;947&nbsp;total views<\/p>\n<div class=\"pvc_clear\"><\/div>\n","protected":false},"author":6,"featured_media":0,"comment_status":"open","ping_status":"open","sticky":false,"template":"","format":"standard","meta":{"footnotes":""},"categories":[25,22,23],"tags":[],"class_list":["post-260","post","type-post","status-publish","format-standard","hentry","category-cemiyyet","category-elm","category-tehsil"],"blocksy_meta":{"styles_descriptor":{"styles":{"desktop":"","tablet":"","mobile":""},"google_fonts":[]}},"featured_image_urls":{"full":"","thumbnail":"","medium":"","medium_large":"","large":"","1536x1536":"","2048x2048":""},"post_excerpt_stackable":"<p>8 iyun tarixind\u0259n \u00fcmumi t\u0259hsil m\u00fc\u0259ssis\u0259l\u0259rind\u0259 \u201cYay m\u0259kt\u0259bi\u201dn\u0259 qeydiyyat prosesin\u0259 start verilib. \u00dcmumi t\u0259hsil m\u00fc\u0259ssis\u0259l\u0259rind\u0259 t\u0259\u015fkil olunacaq yay m\u0259kt\u0259bl\u0259rind\u0259 i\u015ftirak etm\u0259k ist\u0259y\u0259n t\u0259hsil alanlar\u0131n valideynl\u0259ri qeyd edil\u0259n tarixd\u0259n ba\u015flayaraq \u0259riz\u0259 il\u0259 \u00fcmumi t\u0259hsil m\u00fc\u0259ssis\u0259sinin r\u0259hb\u0259rliyin\u0259 m\u00fcraci\u0259t ed\u0259 bil\u0259rl\u0259r. \u201cYay m\u0259kt\u0259bi\u201dnd\u0259 b\u00fct\u00fcn \u00fcmumi t\u0259hsil m\u00fc\u0259ssis\u0259l\u0259rinin I-X sinif \u015fagirdl\u0259ri \u00f6d\u0259ni\u015fsiz v\u0259&nbsp; k\u00f6n\u00fcll\u00fc \u0259saslarla i\u015ftirak ed\u0259 bil\u0259rl\u0259r. I-IV sinifl\u0259rd\u0259 t\u0259dris h\u0259ft\u0259d\u0259 5 d\u0259f\u0259 g\u00fcnd\u0259lik 4 saat olmaqla, V-X sinifl\u0259rd\u0259 is\u0259 h\u0259ft\u0259d\u0259 5 d\u0259f\u0259 g\u00fcnd\u0259lik 3-4 saat olmaqla t\u0259\u015fkil olunacaq. I-IV sinifl\u0259rd\u0259 m\u0259\u015f\u011f\u0259l\u0259l\u0259r t\u0259dris dili, riyaziyyat, xarici dil f\u0259nl\u0259ri \u00fczr\u0259 ke\u00e7iril\u0259c\u0259k. V-X sinifl\u0259rd\u0259 m\u0259\u015f\u011f\u0259l\u0259l\u0259r t\u0259dris dili, riyaziyyat, xarici dil f\u0259nl\u0259ri v\u0259 \u00fcmumi t\u0259hsil m\u00fc\u0259ssis\u0259sinin&hellip;<\/p>\n<div class=\"pvc_clear\"><\/div>\n<p class=\"pvc_stats total_only \" data-element-id=\"260\" style=\"\"><i class=\"pvc-stats-icon medium\" aria-hidden=\"true\"><svg aria-hidden=\"true\" focusable=\"false\" data-prefix=\"far\" data-icon=\"chart-bar\" role=\"img\" xmlns=\"http:\/\/www.w3.org\/2000\/svg\" viewBox=\"0 0 512 512\" class=\"svg-inline--fa fa-chart-bar fa-w-16 fa-2x\"><path fill=\"currentColor\" d=\"M396.8 352h22.4c6.4 0 12.8-6.4 12.8-12.8V108.8c0-6.4-6.4-12.8-12.8-12.8h-22.4c-6.4 0-12.8 6.4-12.8 12.8v230.4c0 6.4 6.4 12.8 12.8 12.8zm-192 0h22.4c6.4 0 12.8-6.4 12.8-12.8V140.8c0-6.4-6.4-12.8-12.8-12.8h-22.4c-6.4 0-12.8 6.4-12.8 12.8v198.4c0 6.4 6.4 12.8 12.8 12.8zm96 0h22.4c6.4 0 12.8-6.4 12.8-12.8V204.8c0-6.4-6.4-12.8-12.8-12.8h-22.4c-6.4 0-12.8 6.4-12.8 12.8v134.4c0 6.4 6.4 12.8 12.8 12.8zM496 400H48V80c0-8.84-7.16-16-16-16H16C7.16 64 0 71.16 0 80v336c0 17.67 14.33 32 32 32h464c8.84 0 16-7.16 16-16v-16c0-8.84-7.16-16-16-16zm-387.2-48h22.4c6.4 0 12.8-6.4 12.8-12.8v-70.4c0-6.4-6.4-12.8-12.8-12.8h-22.4c-6.4 0-12.8 6.4-12.8 12.8v70.4c0 6.4 6.4 12.8 12.8 12.8z\" class=\"\"><\/path><\/svg><\/i> &nbsp;947&nbsp;total views<\/p>\n<div class=\"pvc_clear\"><\/div>\n","category_list":"<a href=\"https:\/\/www.oxuyan.az\/xeberler\/category\/cemiyyet\/\" rel=\"category tag\">C\u0259miyy\u0259t<\/a>, <a href=\"https:\/\/www.oxuyan.az\/xeberler\/category\/elm\/\" rel=\"category tag\">Elm<\/a>, <a href=\"https:\/\/www.oxuyan.az\/xeberler\/category\/tehsil\/\" rel=\"category tag\">T\u0259hsil<\/a>","author_info":{"name":"Famil M\u0259mm\u0259dli","url":"https:\/\/www.oxuyan.az\/xeberler\/author\/famil-mammadli\/"},"comments_num":"0 comments","yoast_head":"<!-- This site is optimized with the Yoast SEO plugin v16.2 - https:\/\/yoast.com\/wordpress\/plugins\/seo\/ -->\n<title>\u201cYay m\u0259kt\u0259bi\u201dn\u0259 qeydiyyat ba\u015flay\u0131b - Oxuyan T\u0259hsil X\u0259b\u0259rl\u0259ri<\/title>\n<meta name=\"description\" content=\"Yay m\u0259kt\u0259bl\u0259rind\u0259 i\u015ftirak etm\u0259k ist\u0259y\u0259n t\u0259hsil alanlar\u0131n valideynl\u0259ri qeyd edil\u0259n tarixd\u0259n ba\u015flayaraq m\u00fcraci\u0259t ed\u0259 bil\u0259rl\u0259r.\" \/>\n<meta name=\"robots\" content=\"index, follow, max-snippet:-1, max-image-preview:large, max-video-preview:-1\" \/>\n<link rel=\"canonical\" href=\"https:\/\/www.oxuyan.az\/xeberler\/tehsil\/yay-mektebine-qeydiyyat-baslayib\/\" \/>\n<meta property=\"og:locale\" content=\"az_AZ\" \/>\n<meta property=\"og:type\" content=\"article\" \/>\n<meta property=\"og:title\" content=\"\u201cYay m\u0259kt\u0259bi\u201dn\u0259 qeydiyyat ba\u015flay\u0131b - Oxuyan T\u0259hsil X\u0259b\u0259rl\u0259ri\" \/>\n<meta property=\"og:description\" content=\"Yay m\u0259kt\u0259bl\u0259rind\u0259 i\u015ftirak etm\u0259k ist\u0259y\u0259n t\u0259hsil alanlar\u0131n valideynl\u0259ri qeyd edil\u0259n tarixd\u0259n ba\u015flayaraq m\u00fcraci\u0259t ed\u0259 bil\u0259rl\u0259r.\" \/>\n<meta property=\"og:url\" content=\"https:\/\/www.oxuyan.az\/xeberler\/tehsil\/yay-mektebine-qeydiyyat-baslayib\/\" \/>\n<meta property=\"og:site_name\" content=\"Oxuyan T\u0259hsil X\u0259b\u0259rl\u0259ri\" \/>\n<meta property=\"article:published_time\" content=\"2021-06-08T15:55:38+00:00\" \/>\n<meta property=\"article:modified_time\" content=\"2021-06-08T15:55:40+00:00\" \/>\n<meta name=\"twitter:card\" content=\"summary_large_image\" \/>\n<meta name=\"twitter:label1\" content=\"Est. reading time\">\n\t<meta name=\"twitter:data1\" content=\"1 minute\">\n<script type=\"application\/ld+json\" class=\"yoast-schema-graph\">{\"@context\":\"https:\/\/schema.org\",\"@graph\":[{\"@type\":\"WebSite\",\"@id\":\"https:\/\/www.oxuyan.az\/xeberler\/#website\",\"url\":\"https:\/\/www.oxuyan.az\/xeberler\/\",\"name\":\"Oxuyan Blog\",\"description\":\"Oxuyan \\u0130mtahan Platformas\\u0131n\\u0131n istifad\\u0259\\u00e7il\\u0259ri \\u00fc\\u00e7\\u00fcn haz\\u0131rlad\\u0131\\u011f\\u0131 m\\u0259qal\\u0259l\\u0259r\",\"potentialAction\":[{\"@type\":\"SearchAction\",\"target\":\"https:\/\/www.oxuyan.az\/xeberler\/?s={search_term_string}\",\"query-input\":\"required name=search_term_string\"}],\"inLanguage\":\"az\"},{\"@type\":\"WebPage\",\"@id\":\"https:\/\/www.oxuyan.az\/xeberler\/tehsil\/yay-mektebine-qeydiyyat-baslayib\/#webpage\",\"url\":\"https:\/\/www.oxuyan.az\/xeberler\/tehsil\/yay-mektebine-qeydiyyat-baslayib\/\",\"name\":\"\\u201cYay m\\u0259kt\\u0259bi\\u201dn\\u0259 qeydiyyat ba\\u015flay\\u0131b - Oxuyan T\\u0259hsil X\\u0259b\\u0259rl\\u0259ri\",\"isPartOf\":{\"@id\":\"https:\/\/www.oxuyan.az\/xeberler\/#website\"},\"datePublished\":\"2021-06-08T15:55:38+00:00\",\"dateModified\":\"2021-06-08T15:55:40+00:00\",\"author\":{\"@id\":\"https:\/\/www.oxuyan.az\/xeberler\/#\/schema\/person\/8d14cffc92e042d364d7f76bb30c8a90\"},\"description\":\"Yay m\\u0259kt\\u0259bl\\u0259rind\\u0259 i\\u015ftirak etm\\u0259k ist\\u0259y\\u0259n t\\u0259hsil alanlar\\u0131n valideynl\\u0259ri qeyd edil\\u0259n tarixd\\u0259n ba\\u015flayaraq m\\u00fcraci\\u0259t ed\\u0259 bil\\u0259rl\\u0259r.\",\"breadcrumb\":{\"@id\":\"https:\/\/www.oxuyan.az\/xeberler\/tehsil\/yay-mektebine-qeydiyyat-baslayib\/#breadcrumb\"},\"inLanguage\":\"az\",\"potentialAction\":[{\"@type\":\"ReadAction\",\"target\":[\"https:\/\/www.oxuyan.az\/xeberler\/tehsil\/yay-mektebine-qeydiyyat-baslayib\/\"]}]},{\"@type\":\"BreadcrumbList\",\"@id\":\"https:\/\/www.oxuyan.az\/xeberler\/tehsil\/yay-mektebine-qeydiyyat-baslayib\/#breadcrumb\",\"itemListElement\":[{\"@type\":\"ListItem\",\"position\":1,\"item\":{\"@type\":\"WebPage\",\"@id\":\"https:\/\/www.oxuyan.az\/xeberler\/\",\"url\":\"https:\/\/www.oxuyan.az\/xeberler\/\",\"name\":\"Home\"}},{\"@type\":\"ListItem\",\"position\":2,\"item\":{\"@id\":\"https:\/\/www.oxuyan.az\/xeberler\/tehsil\/yay-mektebine-qeydiyyat-baslayib\/#webpage\"}}]},{\"@type\":\"Person\",\"@id\":\"https:\/\/www.oxuyan.az\/xeberler\/#\/schema\/person\/8d14cffc92e042d364d7f76bb30c8a90\",\"name\":\"Famil M\\u0259mm\\u0259dli\",\"image\":{\"@type\":\"ImageObject\",\"@id\":\"https:\/\/www.oxuyan.az\/xeberler\/#personlogo\",\"inLanguage\":\"az\",\"url\":\"https:\/\/www.oxuyan.az\/xeberler\/wp-content\/uploads\/2021\/06\/105052425_3156858764399796_2990896561204581615_n-1.jpg\",\"contentUrl\":\"https:\/\/www.oxuyan.az\/xeberler\/wp-content\/uploads\/2021\/06\/105052425_3156858764399796_2990896561204581615_n-1.jpg\",\"caption\":\"Famil M\\u0259mm\\u0259dli\"}}]}<\/script>\n<!-- \/ Yoast SEO plugin. -->","_links":{"self":[{"href":"https:\/\/www.oxuyan.az\/xeberler\/wp-json\/wp\/v2\/posts\/260","targetHints":{"allow":["GET"]}}],"collection":[{"href":"https:\/\/www.oxuyan.az\/xeberler\/wp-json\/wp\/v2\/posts"}],"about":[{"href":"https:\/\/www.oxuyan.az\/xeberler\/wp-json\/wp\/v2\/types\/post"}],"author":[{"embeddable":true,"href":"https:\/\/www.oxuyan.az\/xeberler\/wp-json\/wp\/v2\/users\/6"}],"replies":[{"embeddable":true,"href":"https:\/\/www.oxuyan.az\/xeberler\/wp-json\/wp\/v2\/comments?post=260"}],"version-history":[{"count":1,"href":"https:\/\/www.oxuyan.az\/xeberler\/wp-json\/wp\/v2\/posts\/260\/revisions"}],"predecessor-version":[{"id":261,"href":"https:\/\/www.oxuyan.az\/xeberler\/wp-json\/wp\/v2\/posts\/260\/revisions\/261"}],"wp:attachment":[{"href":"https:\/\/www.oxuyan.az\/xeberler\/wp-json\/wp\/v2\/media?parent=260"}],"wp:term":[{"taxonomy":"category","embeddable":true,"href":"https:\/\/www.oxuyan.az\/xeberler\/wp-json\/wp\/v2\/categories?post=260"},{"taxonomy":"post_tag","embeddable":true,"href":"https:\/\/www.oxuyan.az\/xeberler\/wp-json\/wp\/v2\/tags?post=260"}],"curies":[{"name":"wp","href":"https:\/\/api.w.org\/{rel}","templated":true}]}}