{"id":199,"date":"2021-06-07T01:42:18","date_gmt":"2021-06-06T21:42:18","guid":{"rendered":"https:\/\/www.oxuyan.az\/xeberler\/?p=199"},"modified":"2021-06-07T18:45:24","modified_gmt":"2021-06-07T14:45:24","slug":"e-telebe-vasitesile-muracitlerin-qebulu-muddeti-uzadilir","status":"publish","type":"post","link":"https:\/\/www.oxuyan.az\/xeberler\/tehsil\/e-telebe-vasitesile-muracitlerin-qebulu-muddeti-uzadilir\/","title":{"rendered":"E-telebe vasit\u0259sil\u0259 m\u00fcraci\u0259tl\u0259rin q\u0259bulu m\u00fcdd\u0259ti uzad\u0131l\u0131r"},"content":{"rendered":"\n<p><a href=\"https:\/\/edu.gov.az\/\">T\u0259hsil nazirliyinin<\/a> verdiyi m\u0259lumata g\u00f6r\u0259 E-telebe elektron portal\u0131 vasit\u0259sil\u0259 sosial bax\u0131mdan h\u0259ssas \u0259hali qrupuna aid edil\u0259n ail\u0259l\u0259rin \u00fczv\u00fc olan t\u0259l\u0259b\u0259l\u0259rin t\u0259hsil haqq\u0131 x\u0259rcl\u0259rinin d\u00f6vl\u0259t t\u0259r\u0259find\u0259n \u00f6d\u0259nilm\u0259sin\u0259 dair m\u00fcraci\u0259tl\u0259rin q\u0259bulu m\u00fcdd\u0259ti uzad\u0131l\u0131r. M\u00fcraci\u0259tl\u0259rin q\u0259bulu iyun ay\u0131n\u0131n 11-d\u0259k aktiv olacaq.<\/p>\n\n\n\n<p>S\u00f6z\u00fcged\u0259n qrupdan olan t\u0259l\u0259b\u0259l\u0259rin g\u00fcz\u0259\u015ftd\u0259n yararlana bilm\u0259si \u00fc\u00e7\u00fcn m\u00fcraci\u0259tl\u0259rini qeyd edil\u0259n tarix\u0259d\u0259k tamamlay\u0131b t\u0259sdiq etm\u0259l\u0259ri xahi\u015f olunur.&nbsp;<\/p>\n\n\n\n<p>Qeyd ed\u0259k ki, 2020-2021-ci t\u0259dris ilinin pay\u0131z (yar\u0131mili) semestri \u00fc\u00e7\u00fcn t\u0259hsil haqq\u0131 x\u0259rcl\u0259ri d\u00f6vl\u0259t t\u0259r\u0259find\u0259n \u00f6d\u0259nil\u0259n t\u0259l\u0259b\u0259l\u0259rin 2020-2021-ci t\u0259dris ilinin yaz semestri (yar\u0131mili) \u00fc\u00e7\u00fcn t\u0259hsil haqq\u0131 x\u0259rcl\u0259rinin d\u00f6vl\u0259t t\u0259r\u0259find\u0259n \u00f6d\u0259nilm\u0259si il\u0259 ba\u011fl\u0131 e-telebe&nbsp;elektron portal\u0131na m\u00fcraci\u0259t etm\u0259l\u0259ri t\u0259l\u0259b olunmur. Bel\u0259 ki, h\u0259min t\u0259l\u0259b\u0259l\u0259rin 2020-2021-ci t\u0259dris ilinin pay\u0131z semestri \u00fc\u00e7\u00fcn sistemd\u0259ki m\u00fcraci\u0259tl\u0259ri \u0259sas g\u00f6t\u00fcr\u00fcl\u0259r\u0259k onlar\u0131n 2020-2021-ci t\u0259dris ilinin yaz semestri (yar\u0131mili) &nbsp;\u00fc\u00e7\u00fcn sosial bax\u0131mdan h\u0259ssas \u0259hali qrupuna aid edil\u0259n ail\u0259l\u0259rin \u00fczv\u00fc olmas\u0131 statusu elektron informasiya sistemi t\u0259r\u0259find\u0259n avtomatik rejimd\u0259 yoxlan\u0131lacaq, h\u00fcququ olan t\u0259l\u0259b\u0259l\u0259r \u00fc\u00e7\u00fcn t\u0259hsil haqq\u0131 x\u0259rcl\u0259ri t\u0259hsil m\u00fc\u0259ssis\u0259l\u0259rin\u0259 \u00f6d\u0259nil\u0259c\u0259k v\u0259 bu bar\u0259d\u0259 t\u0259l\u0259b\u0259l\u0259r\u0259 SMS m\u0259lumat g\u00f6nd\u0259ril\u0259c\u0259k.<\/p>\n\n\n\n<p>Sosial bax\u0131mdan h\u0259ssas \u0259hali qrupuna aid edil\u0259n ail\u0259l\u0259rin \u00fczv\u00fc olmas\u0131na baxmayaraq sistem\u0259 m\u00fcraci\u0259t etm\u0259y\u0259n v\u0259 ya bu statusu yeni \u0259ld\u0259 ed\u0259n t\u0259l\u0259b\u0259l\u0259r 2020-2021-ci t\u0259dris ilinin yaz semestri (yar\u0131mili) \u00fc\u00e7\u00fcn t\u0259hsil haqq\u0131 x\u0259rcl\u0259rinin d\u00f6vl\u0259t t\u0259r\u0259find\u0259n \u00f6d\u0259nilm\u0259si il\u0259 ba\u011fl\u0131&nbsp;e-telebe elektron portal\u0131na m\u00fctl\u0259q qaydada m\u00fcraci\u0259t etm\u0259lidirl\u0259r.<\/p>\n\n\n\n<p>\u018fg\u0259r siz d\u0259 t\u0259hsill\u0259 ba\u011fl\u0131 \u0259n son yenilikl\u0259rd\u0259n x\u0259b\u0259rdar olmaq ist\u0259yirsinizs\u0259, <a href=\"https:\/\/www.oxuyan.az\/xeberler\/\">Oxuyan platformas\u0131nda t\u0259hsil x\u0259b\u0259rl\u0259ri<\/a> b\u00f6lm\u0259sini izl\u0259m\u0259yi unutmay\u0131n.<\/p>\n<div class=\"pvc_clear\"><\/div><p class=\"pvc_stats total_only \" data-element-id=\"199\" style=\"\"><i class=\"pvc-stats-icon medium\" aria-hidden=\"true\"><svg aria-hidden=\"true\" focusable=\"false\" data-prefix=\"far\" data-icon=\"chart-bar\" role=\"img\" xmlns=\"http:\/\/www.w3.org\/2000\/svg\" viewBox=\"0 0 512 512\" class=\"svg-inline--fa fa-chart-bar fa-w-16 fa-2x\"><path fill=\"currentColor\" d=\"M396.8 352h22.4c6.4 0 12.8-6.4 12.8-12.8V108.8c0-6.4-6.4-12.8-12.8-12.8h-22.4c-6.4 0-12.8 6.4-12.8 12.8v230.4c0 6.4 6.4 12.8 12.8 12.8zm-192 0h22.4c6.4 0 12.8-6.4 12.8-12.8V140.8c0-6.4-6.4-12.8-12.8-12.8h-22.4c-6.4 0-12.8 6.4-12.8 12.8v198.4c0 6.4 6.4 12.8 12.8 12.8zm96 0h22.4c6.4 0 12.8-6.4 12.8-12.8V204.8c0-6.4-6.4-12.8-12.8-12.8h-22.4c-6.4 0-12.8 6.4-12.8 12.8v134.4c0 6.4 6.4 12.8 12.8 12.8zM496 400H48V80c0-8.84-7.16-16-16-16H16C7.16 64 0 71.16 0 80v336c0 17.67 14.33 32 32 32h464c8.84 0 16-7.16 16-16v-16c0-8.84-7.16-16-16-16zm-387.2-48h22.4c6.4 0 12.8-6.4 12.8-12.8v-70.4c0-6.4-6.4-12.8-12.8-12.8h-22.4c-6.4 0-12.8 6.4-12.8 12.8v70.4c0 6.4 6.4 12.8 12.8 12.8z\" class=\"\"><\/path><\/svg><\/i> &nbsp;1,047&nbsp;total views<\/p><div class=\"pvc_clear\"><\/div>","protected":false},"excerpt":{"rendered":"<p>T\u0259hsil nazirliyinin verdiyi m\u0259lumata g\u00f6r\u0259 E-telebe elektron portal\u0131 vasit\u0259sil\u0259 sosial bax\u0131mdan h\u0259ssas \u0259hali qrupuna aid edil\u0259n ail\u0259l\u0259rin \u00fczv\u00fc olan t\u0259l\u0259b\u0259l\u0259rin t\u0259hsil haqq\u0131 x\u0259rcl\u0259rinin d\u00f6vl\u0259t t\u0259r\u0259find\u0259n \u00f6d\u0259nilm\u0259sin\u0259 dair m\u00fcraci\u0259tl\u0259rin q\u0259bulu m\u00fcdd\u0259ti uzad\u0131l\u0131r. M\u00fcraci\u0259tl\u0259rin q\u0259bulu iyun ay\u0131n\u0131n 11-d\u0259k aktiv olacaq. S\u00f6z\u00fcged\u0259n qrupdan olan t\u0259l\u0259b\u0259l\u0259rin g\u00fcz\u0259\u015ftd\u0259n yararlana bilm\u0259si \u00fc\u00e7\u00fcn m\u00fcraci\u0259tl\u0259rini qeyd edil\u0259n tarix\u0259d\u0259k tamamlay\u0131b t\u0259sdiq etm\u0259l\u0259ri xahi\u015f olunur.&nbsp; Qeyd ed\u0259k ki, 2020-2021-ci t\u0259dris ilinin pay\u0131z (yar\u0131mili) semestri \u00fc\u00e7\u00fcn t\u0259hsil haqq\u0131 x\u0259rcl\u0259ri d\u00f6vl\u0259t t\u0259r\u0259find\u0259n \u00f6d\u0259nil\u0259n t\u0259l\u0259b\u0259l\u0259rin 2020-2021-ci t\u0259dris ilinin yaz semestri (yar\u0131mili) \u00fc\u00e7\u00fcn t\u0259hsil haqq\u0131 x\u0259rcl\u0259rinin d\u00f6vl\u0259t t\u0259r\u0259find\u0259n \u00f6d\u0259nilm\u0259si il\u0259 ba\u011fl\u0131 e-telebe&nbsp;elektron portal\u0131na m\u00fcraci\u0259t etm\u0259l\u0259ri t\u0259l\u0259b olunmur. Bel\u0259 ki, h\u0259min t\u0259l\u0259b\u0259l\u0259rin 2020-2021-ci t\u0259dris ilinin\u2026<\/p>\n<div class=\"pvc_clear\"><\/div>\n<p class=\"pvc_stats total_only \" data-element-id=\"199\" style=\"\"><i class=\"pvc-stats-icon medium\" aria-hidden=\"true\"><svg aria-hidden=\"true\" focusable=\"false\" data-prefix=\"far\" data-icon=\"chart-bar\" role=\"img\" xmlns=\"http:\/\/www.w3.org\/2000\/svg\" viewBox=\"0 0 512 512\" class=\"svg-inline--fa fa-chart-bar fa-w-16 fa-2x\"><path fill=\"currentColor\" d=\"M396.8 352h22.4c6.4 0 12.8-6.4 12.8-12.8V108.8c0-6.4-6.4-12.8-12.8-12.8h-22.4c-6.4 0-12.8 6.4-12.8 12.8v230.4c0 6.4 6.4 12.8 12.8 12.8zm-192 0h22.4c6.4 0 12.8-6.4 12.8-12.8V140.8c0-6.4-6.4-12.8-12.8-12.8h-22.4c-6.4 0-12.8 6.4-12.8 12.8v198.4c0 6.4 6.4 12.8 12.8 12.8zm96 0h22.4c6.4 0 12.8-6.4 12.8-12.8V204.8c0-6.4-6.4-12.8-12.8-12.8h-22.4c-6.4 0-12.8 6.4-12.8 12.8v134.4c0 6.4 6.4 12.8 12.8 12.8zM496 400H48V80c0-8.84-7.16-16-16-16H16C7.16 64 0 71.16 0 80v336c0 17.67 14.33 32 32 32h464c8.84 0 16-7.16 16-16v-16c0-8.84-7.16-16-16-16zm-387.2-48h22.4c6.4 0 12.8-6.4 12.8-12.8v-70.4c0-6.4-6.4-12.8-12.8-12.8h-22.4c-6.4 0-12.8 6.4-12.8 12.8v70.4c0 6.4 6.4 12.8 12.8 12.8z\" class=\"\"><\/path><\/svg><\/i> &nbsp;1,047&nbsp;total views<\/p>\n<div class=\"pvc_clear\"><\/div>\n","protected":false},"author":6,"featured_media":0,"comment_status":"open","ping_status":"open","sticky":false,"template":"","format":"standard","meta":{"footnotes":""},"categories":[25,22,24,23],"tags":[],"class_list":["post-199","post","type-post","status-publish","format-standard","hentry","category-cemiyyet","category-elm","category-sosial-meseleler","category-tehsil"],"blocksy_meta":{"styles_descriptor":{"styles":{"desktop":"","tablet":"","mobile":""},"google_fonts":[]}},"featured_image_urls":{"full":"","thumbnail":"","medium":"","medium_large":"","large":"","1536x1536":"","2048x2048":""},"post_excerpt_stackable":"<p>T\u0259hsil nazirliyinin verdiyi m\u0259lumata g\u00f6r\u0259 E-telebe elektron portal\u0131 vasit\u0259sil\u0259 sosial bax\u0131mdan h\u0259ssas \u0259hali qrupuna aid edil\u0259n ail\u0259l\u0259rin \u00fczv\u00fc olan t\u0259l\u0259b\u0259l\u0259rin t\u0259hsil haqq\u0131 x\u0259rcl\u0259rinin d\u00f6vl\u0259t t\u0259r\u0259find\u0259n \u00f6d\u0259nilm\u0259sin\u0259 dair m\u00fcraci\u0259tl\u0259rin q\u0259bulu m\u00fcdd\u0259ti uzad\u0131l\u0131r. M\u00fcraci\u0259tl\u0259rin q\u0259bulu iyun ay\u0131n\u0131n 11-d\u0259k aktiv olacaq. S\u00f6z\u00fcged\u0259n qrupdan olan t\u0259l\u0259b\u0259l\u0259rin g\u00fcz\u0259\u015ftd\u0259n yararlana bilm\u0259si \u00fc\u00e7\u00fcn m\u00fcraci\u0259tl\u0259rini qeyd edil\u0259n tarix\u0259d\u0259k tamamlay\u0131b t\u0259sdiq etm\u0259l\u0259ri xahi\u015f olunur.&nbsp; Qeyd ed\u0259k ki, 2020-2021-ci t\u0259dris ilinin pay\u0131z (yar\u0131mili) semestri \u00fc\u00e7\u00fcn t\u0259hsil haqq\u0131 x\u0259rcl\u0259ri d\u00f6vl\u0259t t\u0259r\u0259find\u0259n \u00f6d\u0259nil\u0259n t\u0259l\u0259b\u0259l\u0259rin 2020-2021-ci t\u0259dris ilinin yaz semestri (yar\u0131mili) \u00fc\u00e7\u00fcn t\u0259hsil haqq\u0131 x\u0259rcl\u0259rinin d\u00f6vl\u0259t t\u0259r\u0259find\u0259n \u00f6d\u0259nilm\u0259si il\u0259 ba\u011fl\u0131 e-telebe&nbsp;elektron portal\u0131na m\u00fcraci\u0259t etm\u0259l\u0259ri t\u0259l\u0259b olunmur. Bel\u0259 ki, h\u0259min t\u0259l\u0259b\u0259l\u0259rin 2020-2021-ci t\u0259dris ilinin&hellip;<\/p>\n<div class=\"pvc_clear\"><\/div>\n<p class=\"pvc_stats total_only \" data-element-id=\"199\" style=\"\"><i class=\"pvc-stats-icon medium\" aria-hidden=\"true\"><svg aria-hidden=\"true\" focusable=\"false\" data-prefix=\"far\" data-icon=\"chart-bar\" role=\"img\" xmlns=\"http:\/\/www.w3.org\/2000\/svg\" viewBox=\"0 0 512 512\" class=\"svg-inline--fa fa-chart-bar fa-w-16 fa-2x\"><path fill=\"currentColor\" d=\"M396.8 352h22.4c6.4 0 12.8-6.4 12.8-12.8V108.8c0-6.4-6.4-12.8-12.8-12.8h-22.4c-6.4 0-12.8 6.4-12.8 12.8v230.4c0 6.4 6.4 12.8 12.8 12.8zm-192 0h22.4c6.4 0 12.8-6.4 12.8-12.8V140.8c0-6.4-6.4-12.8-12.8-12.8h-22.4c-6.4 0-12.8 6.4-12.8 12.8v198.4c0 6.4 6.4 12.8 12.8 12.8zm96 0h22.4c6.4 0 12.8-6.4 12.8-12.8V204.8c0-6.4-6.4-12.8-12.8-12.8h-22.4c-6.4 0-12.8 6.4-12.8 12.8v134.4c0 6.4 6.4 12.8 12.8 12.8zM496 400H48V80c0-8.84-7.16-16-16-16H16C7.16 64 0 71.16 0 80v336c0 17.67 14.33 32 32 32h464c8.84 0 16-7.16 16-16v-16c0-8.84-7.16-16-16-16zm-387.2-48h22.4c6.4 0 12.8-6.4 12.8-12.8v-70.4c0-6.4-6.4-12.8-12.8-12.8h-22.4c-6.4 0-12.8 6.4-12.8 12.8v70.4c0 6.4 6.4 12.8 12.8 12.8z\" class=\"\"><\/path><\/svg><\/i> &nbsp;1,047&nbsp;total views<\/p>\n<div class=\"pvc_clear\"><\/div>\n","category_list":"<a href=\"https:\/\/www.oxuyan.az\/xeberler\/category\/cemiyyet\/\" rel=\"category tag\">C\u0259miyy\u0259t<\/a>, <a href=\"https:\/\/www.oxuyan.az\/xeberler\/category\/elm\/\" rel=\"category tag\">Elm<\/a>, <a href=\"https:\/\/www.oxuyan.az\/xeberler\/category\/sosial-meseleler\/\" rel=\"category tag\">Sosial m\u0259s\u0259l\u0259l\u0259r<\/a>, <a href=\"https:\/\/www.oxuyan.az\/xeberler\/category\/tehsil\/\" rel=\"category tag\">T\u0259hsil<\/a>","author_info":{"name":"Famil M\u0259mm\u0259dli","url":"https:\/\/www.oxuyan.az\/xeberler\/author\/famil-mammadli\/"},"comments_num":"0 comments","yoast_head":"<!-- This site is optimized with the Yoast SEO plugin v16.2 - https:\/\/yoast.com\/wordpress\/plugins\/seo\/ -->\n<title>E-telebe vasit\u0259sil\u0259 m\u00fcraci\u0259tl\u0259rin q\u0259bulu m\u00fcdd\u0259ti uzad\u0131l\u0131r<\/title>\n<meta name=\"description\" content=\"e-telebe portal\u0131 il\u0259 h\u0259ssas \u0259hali qrupuna aid olan ail\u0259l\u0259rind\u0259n t\u0259l\u0259b\u0259l\u0259rin t\u0259hsil x\u0259rcl\u0259rinin \u00f6d\u0259nilm\u0259sin\u0259 dair m\u00fcraci\u0259tl\u0259rin vaxt\u0131 uzad\u0131l\u0131r.\" \/>\n<meta name=\"robots\" content=\"index, follow, max-snippet:-1, max-image-preview:large, max-video-preview:-1\" \/>\n<link rel=\"canonical\" href=\"https:\/\/www.oxuyan.az\/xeberler\/tehsil\/e-telebe-vasitesile-muracitlerin-qebulu-muddeti-uzadilir\/\" \/>\n<meta property=\"og:locale\" content=\"az_AZ\" \/>\n<meta property=\"og:type\" content=\"article\" \/>\n<meta property=\"og:title\" content=\"E-telebe vasit\u0259sil\u0259 m\u00fcraci\u0259tl\u0259rin q\u0259bulu m\u00fcdd\u0259ti uzad\u0131l\u0131r\" \/>\n<meta property=\"og:description\" content=\"e-telebe portal\u0131 il\u0259 h\u0259ssas \u0259hali qrupuna aid olan ail\u0259l\u0259rind\u0259n t\u0259l\u0259b\u0259l\u0259rin t\u0259hsil x\u0259rcl\u0259rinin \u00f6d\u0259nilm\u0259sin\u0259 dair m\u00fcraci\u0259tl\u0259rin vaxt\u0131 uzad\u0131l\u0131r.\" \/>\n<meta property=\"og:url\" content=\"https:\/\/www.oxuyan.az\/xeberler\/tehsil\/e-telebe-vasitesile-muracitlerin-qebulu-muddeti-uzadilir\/\" \/>\n<meta property=\"og:site_name\" content=\"Oxuyan T\u0259hsil X\u0259b\u0259rl\u0259ri\" \/>\n<meta property=\"article:published_time\" content=\"2021-06-06T21:42:18+00:00\" \/>\n<meta property=\"article:modified_time\" content=\"2021-06-07T14:45:24+00:00\" \/>\n<meta name=\"twitter:card\" content=\"summary_large_image\" \/>\n<meta name=\"twitter:label1\" content=\"Est. reading time\">\n\t<meta name=\"twitter:data1\" content=\"1 minute\">\n<script type=\"application\/ld+json\" class=\"yoast-schema-graph\">{\"@context\":\"https:\/\/schema.org\",\"@graph\":[{\"@type\":\"WebSite\",\"@id\":\"https:\/\/www.oxuyan.az\/xeberler\/#website\",\"url\":\"https:\/\/www.oxuyan.az\/xeberler\/\",\"name\":\"Oxuyan Blog\",\"description\":\"Oxuyan \\u0130mtahan Platformas\\u0131n\\u0131n istifad\\u0259\\u00e7il\\u0259ri \\u00fc\\u00e7\\u00fcn haz\\u0131rlad\\u0131\\u011f\\u0131 m\\u0259qal\\u0259l\\u0259r\",\"potentialAction\":[{\"@type\":\"SearchAction\",\"target\":\"https:\/\/www.oxuyan.az\/xeberler\/?s={search_term_string}\",\"query-input\":\"required name=search_term_string\"}],\"inLanguage\":\"az\"},{\"@type\":\"WebPage\",\"@id\":\"https:\/\/www.oxuyan.az\/xeberler\/tehsil\/e-telebe-vasitesile-muracitlerin-qebulu-muddeti-uzadilir\/#webpage\",\"url\":\"https:\/\/www.oxuyan.az\/xeberler\/tehsil\/e-telebe-vasitesile-muracitlerin-qebulu-muddeti-uzadilir\/\",\"name\":\"E-telebe vasit\\u0259sil\\u0259 m\\u00fcraci\\u0259tl\\u0259rin q\\u0259bulu m\\u00fcdd\\u0259ti uzad\\u0131l\\u0131r\",\"isPartOf\":{\"@id\":\"https:\/\/www.oxuyan.az\/xeberler\/#website\"},\"datePublished\":\"2021-06-06T21:42:18+00:00\",\"dateModified\":\"2021-06-07T14:45:24+00:00\",\"author\":{\"@id\":\"https:\/\/www.oxuyan.az\/xeberler\/#\/schema\/person\/8d14cffc92e042d364d7f76bb30c8a90\"},\"description\":\"e-telebe portal\\u0131 il\\u0259 h\\u0259ssas \\u0259hali qrupuna aid olan ail\\u0259l\\u0259rind\\u0259n t\\u0259l\\u0259b\\u0259l\\u0259rin t\\u0259hsil x\\u0259rcl\\u0259rinin \\u00f6d\\u0259nilm\\u0259sin\\u0259 dair m\\u00fcraci\\u0259tl\\u0259rin vaxt\\u0131 uzad\\u0131l\\u0131r.\",\"breadcrumb\":{\"@id\":\"https:\/\/www.oxuyan.az\/xeberler\/tehsil\/e-telebe-vasitesile-muracitlerin-qebulu-muddeti-uzadilir\/#breadcrumb\"},\"inLanguage\":\"az\",\"potentialAction\":[{\"@type\":\"ReadAction\",\"target\":[\"https:\/\/www.oxuyan.az\/xeberler\/tehsil\/e-telebe-vasitesile-muracitlerin-qebulu-muddeti-uzadilir\/\"]}]},{\"@type\":\"BreadcrumbList\",\"@id\":\"https:\/\/www.oxuyan.az\/xeberler\/tehsil\/e-telebe-vasitesile-muracitlerin-qebulu-muddeti-uzadilir\/#breadcrumb\",\"itemListElement\":[{\"@type\":\"ListItem\",\"position\":1,\"item\":{\"@type\":\"WebPage\",\"@id\":\"https:\/\/www.oxuyan.az\/xeberler\/\",\"url\":\"https:\/\/www.oxuyan.az\/xeberler\/\",\"name\":\"Home\"}},{\"@type\":\"ListItem\",\"position\":2,\"item\":{\"@id\":\"https:\/\/www.oxuyan.az\/xeberler\/tehsil\/e-telebe-vasitesile-muracitlerin-qebulu-muddeti-uzadilir\/#webpage\"}}]},{\"@type\":\"Person\",\"@id\":\"https:\/\/www.oxuyan.az\/xeberler\/#\/schema\/person\/8d14cffc92e042d364d7f76bb30c8a90\",\"name\":\"Famil M\\u0259mm\\u0259dli\",\"image\":{\"@type\":\"ImageObject\",\"@id\":\"https:\/\/www.oxuyan.az\/xeberler\/#personlogo\",\"inLanguage\":\"az\",\"url\":\"https:\/\/www.oxuyan.az\/xeberler\/wp-content\/uploads\/2021\/06\/105052425_3156858764399796_2990896561204581615_n-1.jpg\",\"contentUrl\":\"https:\/\/www.oxuyan.az\/xeberler\/wp-content\/uploads\/2021\/06\/105052425_3156858764399796_2990896561204581615_n-1.jpg\",\"caption\":\"Famil M\\u0259mm\\u0259dli\"}}]}<\/script>\n<!-- \/ Yoast SEO plugin. -->","_links":{"self":[{"href":"https:\/\/www.oxuyan.az\/xeberler\/wp-json\/wp\/v2\/posts\/199","targetHints":{"allow":["GET"]}}],"collection":[{"href":"https:\/\/www.oxuyan.az\/xeberler\/wp-json\/wp\/v2\/posts"}],"about":[{"href":"https:\/\/www.oxuyan.az\/xeberler\/wp-json\/wp\/v2\/types\/post"}],"author":[{"embeddable":true,"href":"https:\/\/www.oxuyan.az\/xeberler\/wp-json\/wp\/v2\/users\/6"}],"replies":[{"embeddable":true,"href":"https:\/\/www.oxuyan.az\/xeberler\/wp-json\/wp\/v2\/comments?post=199"}],"version-history":[{"count":5,"href":"https:\/\/www.oxuyan.az\/xeberler\/wp-json\/wp\/v2\/posts\/199\/revisions"}],"predecessor-version":[{"id":245,"href":"https:\/\/www.oxuyan.az\/xeberler\/wp-json\/wp\/v2\/posts\/199\/revisions\/245"}],"wp:attachment":[{"href":"https:\/\/www.oxuyan.az\/xeberler\/wp-json\/wp\/v2\/media?parent=199"}],"wp:term":[{"taxonomy":"category","embeddable":true,"href":"https:\/\/www.oxuyan.az\/xeberler\/wp-json\/wp\/v2\/categories?post=199"},{"taxonomy":"post_tag","embeddable":true,"href":"https:\/\/www.oxuyan.az\/xeberler\/wp-json\/wp\/v2\/tags?post=199"}],"curies":[{"name":"wp","href":"https:\/\/api.w.org\/{rel}","templated":true}]}}